{"id":658,"date":"2022-03-22T20:44:42","date_gmt":"2022-03-22T20:44:42","guid":{"rendered":"https:\/\/salesianosmaux.es\/colegio\/?p=658"},"modified":"2026-08-31T07:58:27","modified_gmt":"2026-08-31T07:58:27","slug":"finalistas-de-young-business-talents","status":"publish","type":"post","link":"https:\/\/salesianosmaux.es\/colegio\/2022\/03\/22\/finalistas-de-young-business-talents\/","title":{"rendered":"\u00a1Finalistas de Young Business Talents!"},"content":{"rendered":"\n[et_pb_section fb_built=\u00bb1&#8243; theme_builder_area=\u00bbpost_content\u00bb _builder_version=\u00bb4.15.1&#8243; _module_preset=\u00bbdefault\u00bb][et_pb_row _builder_version=\u00bb4.15.1&#8243; _module_preset=\u00bbdefault\u00bb theme_builder_area=\u00bbpost_content\u00bb][et_pb_column _builder_version=\u00bb4.15.1&#8243; _module_preset=\u00bbdefault\u00bb type=\u00bb4_4&#8243; theme_builder_area=\u00bbpost_content\u00bb][et_pb_text _builder_version=\u00bb4.15.1&#8243; _module_preset=\u00bbdefault\u00bb theme_builder_area=\u00bbpost_content\u00bb text_font_size=\u00bb16px\u00bb hover_enabled=\u00bb0&#8243; sticky_enabled=\u00bb0&#8243;]<p style=\"text-align: justify;\">Felicitamos a seis de nuestros alumnos de Econom\u00eda de 1.\u00ba de Bachillerato que se han clasificado para la final nacional del concurso de simulaci\u00f3n empresarial \u201cYoung Business Talents\u201d @YBT_ES despu\u00e9s de situar a sus empresas, FAUSTINOS y CROKISWIFT, como las primeras de la provincia de Salamanca. Competir\u00e1n en la final nacional el pr\u00f3ximo 29 de abril con las 100 mejores empresas de las casi 3.000 que comenzaron en toda Espa\u00f1a.<\/p>\n<p style=\"text-align: justify;\">Nuestros alumnos de Econom\u00eda de 4.\u00ba ESO, 1.\u00ba y 2.\u00ba de Bachillerato han participado en una nueva edici\u00f3n de <strong>YOUNG BUSINESS TALENTS<\/strong>, un programa formativo con un simulador virtual para emprender y aprender a dirigir una empresa. Gracias a los organizadores, PraxisMMT, ESIC y Herbalife, podemos enriquecer su aprendizaje de econom\u00eda con el Simulador Empresarial Praxis MMT como herramienta de innovaci\u00f3n docente. A lo largo de 14 semanas han tomado decisiones en todas las \u00e1reas de una empresa de automoci\u00f3n.<span>\u00a0 <\/span>As\u00ed pues, desde el mes de noviembre, organizados en 34 equipos, han estado compitiendo con unos 10.000 j\u00f3venes organizados en casi 3.000 empresas virtuales de toda Espa\u00f1a.<span>\u00a0 <\/span><\/p>\n<p style=\"text-align: justify;\">\u00a1Mucha suerte en la final!<\/p>[\/et_pb_text][\/et_pb_column][\/et_pb_row][et_pb_row _builder_version=\u00bb4.15.1&#8243; _module_preset=\u00bbdefault\u00bb theme_builder_area=\u00bbpost_content\u00bb column_structure=\u00bb1_2,1_2&#8243;][et_pb_column _builder_version=\u00bb4.15.1&#8243; _module_preset=\u00bbdefault\u00bb type=\u00bb1_2&#8243; theme_builder_area=\u00bbpost_content\u00bb][et_pb_image src=\u00bbhttps:\/\/salesianosmaux.es\/colegio\/wp-content\/uploads\/sites\/5\/2022\/03\/ybt22-1.jpeg\u00bb _builder_version=\u00bb4.15.1&#8243; _module_preset=\u00bbdefault\u00bb theme_builder_area=\u00bbpost_content\u00bb title_text=\u00bbybt22-1&#8243; hover_enabled=\u00bb0&#8243; sticky_enabled=\u00bb0&#8243;][\/et_pb_image][\/et_pb_column][et_pb_column _builder_version=\u00bb4.15.1&#8243; _module_preset=\u00bbdefault\u00bb type=\u00bb1_2&#8243; theme_builder_area=\u00bbpost_content\u00bb][et_pb_image src=\u00bbhttps:\/\/salesianosmaux.es\/colegio\/wp-content\/uploads\/sites\/5\/2022\/03\/ybt22-2.jpeg\u00bb _builder_version=\u00bb4.15.1&#8243; _module_preset=\u00bbdefault\u00bb theme_builder_area=\u00bbpost_content\u00bb title_text=\u00bbybt22-2&#8243; hover_enabled=\u00bb0&#8243; sticky_enabled=\u00bb0&#8243;][\/et_pb_image][\/et_pb_column][\/et_pb_row][\/et_pb_section]\n","protected":false},"excerpt":{"rendered":"<p>Felicitamos a seis de nuestros alumnos de Econom\u00eda de 1.\u00ba de Bachillerato que se han clasificado para la final nacional del concurso de simulaci\u00f3n empresarial \u201cYoung Business Talents\u201d @YBT_ES despu\u00e9s de situar a sus empresas, FAUSTINOS y CROKISWIFT, como las primeras de la provincia de Salamanca. Competir\u00e1n en la final nacional el pr\u00f3ximo 29 de [&hellip;]<\/p>\n","protected":false},"author":1,"featured_media":659,"comment_status":"open","ping_status":"open","sticky":false,"template":"","format":"standard","meta":{"_et_pb_use_builder":"on","_et_pb_old_content":"","_et_gb_content_width":"","_joinchat":[],"footnotes":""},"categories":[78,59,82],"tags":[],"class_list":["post-658","post","type-post","status-publish","format-standard","has-post-thumbnail","hentry","category-bachillerato","category-digitalizacion-tic","category-vida-escolar"],"yoast_head":"<!-- This site is optimized with the Yoast SEO plugin v28.4 - https:\/\/yoast.com\/product\/yoast-seo-wordpress\/ -->\n<title>\u00a1Finalistas de Young Business Talents! - Colegio Mar\u00eda Auxiliadora<\/title>\n<meta name=\"robots\" content=\"index, follow, max-snippet:-1, max-image-preview:large, max-video-preview:-1\" \/>\n<link rel=\"canonical\" href=\"https:\/\/salesianosmaux.es\/colegio\/2022\/03\/22\/finalistas-de-young-business-talents\/\" \/>\n<meta property=\"og:locale\" content=\"es_ES\" \/>\n<meta property=\"og:type\" content=\"article\" \/>\n<meta property=\"og:title\" content=\"\u00a1Finalistas de Young Business Talents! - Colegio Mar\u00eda Auxiliadora\" \/>\n<meta property=\"og:description\" content=\"Te puede interesar...\" \/>\n<meta property=\"og:url\" content=\"https:\/\/salesianosmaux.es\/colegio\/2022\/03\/22\/finalistas-de-young-business-talents\/\" \/>\n<meta property=\"og:site_name\" content=\"Colegio Mar\u00eda Auxiliadora\" \/>\n<meta property=\"article:published_time\" content=\"2022-03-22T20:44:42+00:00\" \/>\n<meta property=\"article:modified_time\" content=\"2026-08-31T07:58:27+00:00\" \/>\n<meta property=\"og:image\" content=\"https:\/\/salesianosmaux.es\/colegio\/wp-content\/uploads\/sites\/5\/2022\/03\/Logo-YBT-1.png\" \/>\n\t<meta property=\"og:image:width\" content=\"850\" \/>\n\t<meta property=\"og:image:height\" content=\"425\" \/>\n\t<meta property=\"og:image:type\" content=\"image\/png\" \/>\n<meta name=\"author\" content=\"admin\" \/>\n<meta name=\"twitter:card\" content=\"summary_large_image\" \/>\n<meta name=\"twitter:label1\" content=\"Escrito por\" \/>\n\t<meta name=\"twitter:data1\" content=\"admin\" \/>\n\t<meta name=\"twitter:label2\" content=\"Tiempo de lectura\" \/>\n\t<meta name=\"twitter:data2\" content=\"2 minutos\" \/>\n<script type=\"application\/ld+json\" class=\"yoast-schema-graph\">{\"@context\":\"https:\\\/\\\/schema.org\",\"@graph\":[{\"@type\":\"Article\",\"@id\":\"https:\\\/\\\/salesianosmaux.es\\\/colegio\\\/2022\\\/03\\\/22\\\/finalistas-de-young-business-talents\\\/#article\",\"isPartOf\":{\"@id\":\"https:\\\/\\\/salesianosmaux.es\\\/colegio\\\/2022\\\/03\\\/22\\\/finalistas-de-young-business-talents\\\/\"},\"author\":{\"name\":\"admin\",\"@id\":\"https:\\\/\\\/salesianosmaux.es\\\/colegio\\\/#\\\/schema\\\/person\\\/9bd111fcfb5210d0fa466bfc8154b2f8\"},\"headline\":\"\u00a1Finalistas de Young Business Talents!\",\"datePublished\":\"2022-03-22T20:44:42+00:00\",\"dateModified\":\"2026-08-31T07:58:27+00:00\",\"mainEntityOfPage\":{\"@id\":\"https:\\\/\\\/salesianosmaux.es\\\/colegio\\\/2022\\\/03\\\/22\\\/finalistas-de-young-business-talents\\\/\"},\"wordCount\":387,\"commentCount\":0,\"image\":{\"@id\":\"https:\\\/\\\/salesianosmaux.es\\\/colegio\\\/2022\\\/03\\\/22\\\/finalistas-de-young-business-talents\\\/#primaryimage\"},\"thumbnailUrl\":\"https:\\\/\\\/salesianosmaux.es\\\/colegio\\\/wp-content\\\/uploads\\\/sites\\\/5\\\/2022\\\/03\\\/Logo-YBT-1.png\",\"articleSection\":[\"Bachillerato\",\"Digitalizaci\u00f3n y TIC\",\"Vida Escolar\"],\"inLanguage\":\"es\",\"potentialAction\":[{\"@type\":\"CommentAction\",\"name\":\"Comment\",\"target\":[\"https:\\\/\\\/salesianosmaux.es\\\/colegio\\\/2022\\\/03\\\/22\\\/finalistas-de-young-business-talents\\\/#respond\"]}]},{\"@type\":\"WebPage\",\"@id\":\"https:\\\/\\\/salesianosmaux.es\\\/colegio\\\/2022\\\/03\\\/22\\\/finalistas-de-young-business-talents\\\/\",\"url\":\"https:\\\/\\\/salesianosmaux.es\\\/colegio\\\/2022\\\/03\\\/22\\\/finalistas-de-young-business-talents\\\/\",\"name\":\"\u00a1Finalistas de Young Business Talents! - Colegio Mar\u00eda Auxiliadora\",\"isPartOf\":{\"@id\":\"https:\\\/\\\/salesianosmaux.es\\\/colegio\\\/#website\"},\"primaryImageOfPage\":{\"@id\":\"https:\\\/\\\/salesianosmaux.es\\\/colegio\\\/2022\\\/03\\\/22\\\/finalistas-de-young-business-talents\\\/#primaryimage\"},\"image\":{\"@id\":\"https:\\\/\\\/salesianosmaux.es\\\/colegio\\\/2022\\\/03\\\/22\\\/finalistas-de-young-business-talents\\\/#primaryimage\"},\"thumbnailUrl\":\"https:\\\/\\\/salesianosmaux.es\\\/colegio\\\/wp-content\\\/uploads\\\/sites\\\/5\\\/2022\\\/03\\\/Logo-YBT-1.png\",\"datePublished\":\"2022-03-22T20:44:42+00:00\",\"dateModified\":\"2026-08-31T07:58:27+00:00\",\"author\":{\"@id\":\"https:\\\/\\\/salesianosmaux.es\\\/colegio\\\/#\\\/schema\\\/person\\\/9bd111fcfb5210d0fa466bfc8154b2f8\"},\"breadcrumb\":{\"@id\":\"https:\\\/\\\/salesianosmaux.es\\\/colegio\\\/2022\\\/03\\\/22\\\/finalistas-de-young-business-talents\\\/#breadcrumb\"},\"inLanguage\":\"es\",\"potentialAction\":[{\"@type\":\"ReadAction\",\"target\":[\"https:\\\/\\\/salesianosmaux.es\\\/colegio\\\/2022\\\/03\\\/22\\\/finalistas-de-young-business-talents\\\/\"]}]},{\"@type\":\"ImageObject\",\"inLanguage\":\"es\",\"@id\":\"https:\\\/\\\/salesianosmaux.es\\\/colegio\\\/2022\\\/03\\\/22\\\/finalistas-de-young-business-talents\\\/#primaryimage\",\"url\":\"https:\\\/\\\/salesianosmaux.es\\\/colegio\\\/wp-content\\\/uploads\\\/sites\\\/5\\\/2022\\\/03\\\/Logo-YBT-1.png\",\"contentUrl\":\"https:\\\/\\\/salesianosmaux.es\\\/colegio\\\/wp-content\\\/uploads\\\/sites\\\/5\\\/2022\\\/03\\\/Logo-YBT-1.png\",\"width\":850,\"height\":425},{\"@type\":\"BreadcrumbList\",\"@id\":\"https:\\\/\\\/salesianosmaux.es\\\/colegio\\\/2022\\\/03\\\/22\\\/finalistas-de-young-business-talents\\\/#breadcrumb\",\"itemListElement\":[{\"@type\":\"ListItem\",\"position\":1,\"name\":\"Portada\",\"item\":\"https:\\\/\\\/salesianosmaux.es\\\/colegio\\\/\"},{\"@type\":\"ListItem\",\"position\":2,\"name\":\"\u00a1Finalistas de Young Business Talents!\"}]},{\"@type\":\"WebSite\",\"@id\":\"https:\\\/\\\/salesianosmaux.es\\\/colegio\\\/#website\",\"url\":\"https:\\\/\\\/salesianosmaux.es\\\/colegio\\\/\",\"name\":\"Colegio Mar\u00eda Auxiliadora\",\"description\":\"Colegio Mar\u00eda Auxiliadora\",\"potentialAction\":[{\"@type\":\"SearchAction\",\"target\":{\"@type\":\"EntryPoint\",\"urlTemplate\":\"https:\\\/\\\/salesianosmaux.es\\\/colegio\\\/?s={search_term_string}\"},\"query-input\":{\"@type\":\"PropertyValueSpecification\",\"valueRequired\":true,\"valueName\":\"search_term_string\"}}],\"inLanguage\":\"es\"},{\"@type\":\"Person\",\"@id\":\"https:\\\/\\\/salesianosmaux.es\\\/colegio\\\/#\\\/schema\\\/person\\\/9bd111fcfb5210d0fa466bfc8154b2f8\",\"name\":\"admin\",\"image\":{\"@type\":\"ImageObject\",\"inLanguage\":\"es\",\"@id\":\"https:\\\/\\\/secure.gravatar.com\\\/avatar\\\/09550e5c75cc821753a661f1c7f497ea1bbe9e394289f33e436a29a7df762242?s=96&d=mm&r=g\",\"url\":\"https:\\\/\\\/secure.gravatar.com\\\/avatar\\\/09550e5c75cc821753a661f1c7f497ea1bbe9e394289f33e436a29a7df762242?s=96&d=mm&r=g\",\"contentUrl\":\"https:\\\/\\\/secure.gravatar.com\\\/avatar\\\/09550e5c75cc821753a661f1c7f497ea1bbe9e394289f33e436a29a7df762242?s=96&d=mm&r=g\",\"caption\":\"admin\"},\"sameAs\":[\"https:\\\/\\\/salesianosmaux.es\"],\"url\":\"https:\\\/\\\/salesianosmaux.es\\\/colegio\\\/author\\\/salamanca_95jmwv72\\\/\"}]}<\/script>\n<!-- \/ Yoast SEO plugin. -->","yoast_head_json":{"title":"\u00a1Finalistas de Young Business Talents! - Colegio Mar\u00eda Auxiliadora","robots":{"index":"index","follow":"follow","max-snippet":"max-snippet:-1","max-image-preview":"max-image-preview:large","max-video-preview":"max-video-preview:-1"},"canonical":"https:\/\/salesianosmaux.es\/colegio\/2022\/03\/22\/finalistas-de-young-business-talents\/","og_locale":"es_ES","og_type":"article","og_title":"\u00a1Finalistas de Young Business Talents! - Colegio Mar\u00eda Auxiliadora","og_description":"Te puede interesar...","og_url":"https:\/\/salesianosmaux.es\/colegio\/2022\/03\/22\/finalistas-de-young-business-talents\/","og_site_name":"Colegio Mar\u00eda Auxiliadora","article_published_time":"2022-03-22T20:44:42+00:00","article_modified_time":"2026-08-31T07:58:27+00:00","og_image":[{"width":850,"height":425,"url":"https:\/\/salesianosmaux.es\/colegio\/wp-content\/uploads\/sites\/5\/2022\/03\/Logo-YBT-1.png","type":"image\/png"}],"author":"admin","twitter_card":"summary_large_image","twitter_misc":{"Escrito por":"admin","Tiempo de lectura":"2 minutos"},"schema":{"@context":"https:\/\/schema.org","@graph":[{"@type":"Article","@id":"https:\/\/salesianosmaux.es\/colegio\/2022\/03\/22\/finalistas-de-young-business-talents\/#article","isPartOf":{"@id":"https:\/\/salesianosmaux.es\/colegio\/2022\/03\/22\/finalistas-de-young-business-talents\/"},"author":{"name":"admin","@id":"https:\/\/salesianosmaux.es\/colegio\/#\/schema\/person\/9bd111fcfb5210d0fa466bfc8154b2f8"},"headline":"\u00a1Finalistas de Young Business Talents!","datePublished":"2022-03-22T20:44:42+00:00","dateModified":"2026-08-31T07:58:27+00:00","mainEntityOfPage":{"@id":"https:\/\/salesianosmaux.es\/colegio\/2022\/03\/22\/finalistas-de-young-business-talents\/"},"wordCount":387,"commentCount":0,"image":{"@id":"https:\/\/salesianosmaux.es\/colegio\/2022\/03\/22\/finalistas-de-young-business-talents\/#primaryimage"},"thumbnailUrl":"https:\/\/salesianosmaux.es\/colegio\/wp-content\/uploads\/sites\/5\/2022\/03\/Logo-YBT-1.png","articleSection":["Bachillerato","Digitalizaci\u00f3n y TIC","Vida Escolar"],"inLanguage":"es","potentialAction":[{"@type":"CommentAction","name":"Comment","target":["https:\/\/salesianosmaux.es\/colegio\/2022\/03\/22\/finalistas-de-young-business-talents\/#respond"]}]},{"@type":"WebPage","@id":"https:\/\/salesianosmaux.es\/colegio\/2022\/03\/22\/finalistas-de-young-business-talents\/","url":"https:\/\/salesianosmaux.es\/colegio\/2022\/03\/22\/finalistas-de-young-business-talents\/","name":"\u00a1Finalistas de Young Business Talents! - Colegio Mar\u00eda Auxiliadora","isPartOf":{"@id":"https:\/\/salesianosmaux.es\/colegio\/#website"},"primaryImageOfPage":{"@id":"https:\/\/salesianosmaux.es\/colegio\/2022\/03\/22\/finalistas-de-young-business-talents\/#primaryimage"},"image":{"@id":"https:\/\/salesianosmaux.es\/colegio\/2022\/03\/22\/finalistas-de-young-business-talents\/#primaryimage"},"thumbnailUrl":"https:\/\/salesianosmaux.es\/colegio\/wp-content\/uploads\/sites\/5\/2022\/03\/Logo-YBT-1.png","datePublished":"2022-03-22T20:44:42+00:00","dateModified":"2026-08-31T07:58:27+00:00","author":{"@id":"https:\/\/salesianosmaux.es\/colegio\/#\/schema\/person\/9bd111fcfb5210d0fa466bfc8154b2f8"},"breadcrumb":{"@id":"https:\/\/salesianosmaux.es\/colegio\/2022\/03\/22\/finalistas-de-young-business-talents\/#breadcrumb"},"inLanguage":"es","potentialAction":[{"@type":"ReadAction","target":["https:\/\/salesianosmaux.es\/colegio\/2022\/03\/22\/finalistas-de-young-business-talents\/"]}]},{"@type":"ImageObject","inLanguage":"es","@id":"https:\/\/salesianosmaux.es\/colegio\/2022\/03\/22\/finalistas-de-young-business-talents\/#primaryimage","url":"https:\/\/salesianosmaux.es\/colegio\/wp-content\/uploads\/sites\/5\/2022\/03\/Logo-YBT-1.png","contentUrl":"https:\/\/salesianosmaux.es\/colegio\/wp-content\/uploads\/sites\/5\/2022\/03\/Logo-YBT-1.png","width":850,"height":425},{"@type":"BreadcrumbList","@id":"https:\/\/salesianosmaux.es\/colegio\/2022\/03\/22\/finalistas-de-young-business-talents\/#breadcrumb","itemListElement":[{"@type":"ListItem","position":1,"name":"Portada","item":"https:\/\/salesianosmaux.es\/colegio\/"},{"@type":"ListItem","position":2,"name":"\u00a1Finalistas de Young Business Talents!"}]},{"@type":"WebSite","@id":"https:\/\/salesianosmaux.es\/colegio\/#website","url":"https:\/\/salesianosmaux.es\/colegio\/","name":"Colegio Mar\u00eda Auxiliadora","description":"Colegio Mar\u00eda Auxiliadora","potentialAction":[{"@type":"SearchAction","target":{"@type":"EntryPoint","urlTemplate":"https:\/\/salesianosmaux.es\/colegio\/?s={search_term_string}"},"query-input":{"@type":"PropertyValueSpecification","valueRequired":true,"valueName":"search_term_string"}}],"inLanguage":"es"},{"@type":"Person","@id":"https:\/\/salesianosmaux.es\/colegio\/#\/schema\/person\/9bd111fcfb5210d0fa466bfc8154b2f8","name":"admin","image":{"@type":"ImageObject","inLanguage":"es","@id":"https:\/\/secure.gravatar.com\/avatar\/09550e5c75cc821753a661f1c7f497ea1bbe9e394289f33e436a29a7df762242?s=96&d=mm&r=g","url":"https:\/\/secure.gravatar.com\/avatar\/09550e5c75cc821753a661f1c7f497ea1bbe9e394289f33e436a29a7df762242?s=96&d=mm&r=g","contentUrl":"https:\/\/secure.gravatar.com\/avatar\/09550e5c75cc821753a661f1c7f497ea1bbe9e394289f33e436a29a7df762242?s=96&d=mm&r=g","caption":"admin"},"sameAs":["https:\/\/salesianosmaux.es"],"url":"https:\/\/salesianosmaux.es\/colegio\/author\/salamanca_95jmwv72\/"}]}},"_links":{"self":[{"href":"https:\/\/salesianosmaux.es\/colegio\/wp-json\/wp\/v2\/posts\/658","targetHints":{"allow":["GET"]}}],"collection":[{"href":"https:\/\/salesianosmaux.es\/colegio\/wp-json\/wp\/v2\/posts"}],"about":[{"href":"https:\/\/salesianosmaux.es\/colegio\/wp-json\/wp\/v2\/types\/post"}],"author":[{"embeddable":true,"href":"https:\/\/salesianosmaux.es\/colegio\/wp-json\/wp\/v2\/users\/1"}],"replies":[{"embeddable":true,"href":"https:\/\/salesianosmaux.es\/colegio\/wp-json\/wp\/v2\/comments?post=658"}],"version-history":[{"count":3,"href":"https:\/\/salesianosmaux.es\/colegio\/wp-json\/wp\/v2\/posts\/658\/revisions"}],"predecessor-version":[{"id":665,"href":"https:\/\/salesianosmaux.es\/colegio\/wp-json\/wp\/v2\/posts\/658\/revisions\/665"}],"wp:featuredmedia":[{"embeddable":true,"href":"https:\/\/salesianosmaux.es\/colegio\/wp-json\/wp\/v2\/media\/659"}],"wp:attachment":[{"href":"https:\/\/salesianosmaux.es\/colegio\/wp-json\/wp\/v2\/media?parent=658"}],"wp:term":[{"taxonomy":"category","embeddable":true,"href":"https:\/\/salesianosmaux.es\/colegio\/wp-json\/wp\/v2\/categories?post=658"},{"taxonomy":"post_tag","embeddable":true,"href":"https:\/\/salesianosmaux.es\/colegio\/wp-json\/wp\/v2\/tags?post=658"}],"curies":[{"name":"wp","href":"https:\/\/api.w.org\/{rel}","templated":true}]}}