{"id":7444,"date":"2024-03-24T16:43:05","date_gmt":"2024-03-24T16:43:05","guid":{"rendered":"https:\/\/salesianosmaux.es\/colegio\/?p=7444"},"modified":"2026-08-31T07:40:24","modified_gmt":"2026-08-31T07:40:24","slug":"jornada-de-orientacion-profesional","status":"publish","type":"post","link":"https:\/\/salesianosmaux.es\/colegio\/2024\/03\/24\/jornada-de-orientacion-profesional\/","title":{"rendered":"Jornada de Orientaci\u00f3n Profesional"},"content":{"rendered":"<p>[et_pb_section fb_built=\u00bb1&#8243; theme_builder_area=\u00bbpost_content\u00bb _builder_version=\u00bb4.24.2&#8243; _module_preset=\u00bbdefault\u00bb][et_pb_row _builder_version=\u00bb4.24.2&#8243; _module_preset=\u00bbdefault\u00bb theme_builder_area=\u00bbpost_content\u00bb][et_pb_column _builder_version=\u00bb4.24.2&#8243; _module_preset=\u00bbdefault\u00bb type=\u00bb4_4&#8243; theme_builder_area=\u00bbpost_content\u00bb][et_pb_text _builder_version=\u00bb4.24.2&#8243; _module_preset=\u00bbdefault\u00bb theme_builder_area=\u00bbpost_content\u00bb hover_enabled=\u00bb0&#8243; sticky_enabled=\u00bb0&#8243;]<\/p>\n<p style=\"font-weight: 400;\"><span>La ma\u00f1ana del viernes 22 los alumnos de 4.\u00ba ESO y 1\u00aa de bachillerato tuvieron la oportunidad de recibir el testimonio directo de 11 profesionales, 8 de ellos antiguos alumnos, que compartieron con ellos su experiencia y vocaci\u00f3n.<\/span><\/p>\n<p style=\"font-weight: 400;\"><span>No s\u00f3lo les presentaron sus respectivas profesiones y salidas laborales (muchas de ellas desconocidas para nuestros alumnos hasta ahora), sino que adem\u00e1s aportaron un rico testimonio de vocaci\u00f3n y experiencia personal.<\/span><\/p>\n<p style=\"font-weight: 400;\"><span>Distribuidos en 3 bloques, les presentaron: <\/span><\/p>\n<ul>\n<li><span>Estudios de Humanidades: Antonio Notario Ruiz (Decano de la Facultad de Filosof\u00eda -USAL), Francisco Javier de Santiago Guerv\u00f3s (Director del Dpto. de Lengua Espa\u00f1ola de la Facultad de Filolog\u00eda-USAL), Mar\u00eda \u00c1ngeles Recio Ariza (Profesora Facultad de Traducci\u00f3n y Documentaci\u00f3n-USAL), Jes\u00fas \u00c1ngel Jim\u00e9nez Garc\u00eda (Vicedecano de Docencia Facultad de Geograf\u00eda e Historia-USAL). <\/span><\/li>\n<li><span>Estudios de Ciencias: Marta Casado (M\u00e9dico Ginec\u00f3loga), Isabel Hern\u00e1ndez (Ingenier\u00eda qu\u00edmica), Cristina Rodr\u00edguez (Deportista alto rendimiento, CAFYD-Magisterio), Sara Mei Rodr\u00edguez Sanch\u00f3n (Psicolog\u00eda).<\/span><\/li>\n<li><span>Estudios de Ciencias Sociales: Andrea Arce (Magisterio), Carlos Blanco (derecho y Relaciones Laborales), Daniel Nogales (ADE-Derecho)<\/span><\/li>\n<\/ul>\n<p style=\"font-weight: 400;\"><span>Un denominador com\u00fan un\u00eda sus charlas, <strong><em>\u201cDeb\u00e9is tomar una decisi\u00f3n que os permita ser felices\u201d.<\/em><\/strong><\/span><\/p>\n<p style=\"font-weight: 400;\"><span>Les hablaron todos de la importancia de <strong><em>no frustrarse<\/em><\/strong>, <strong><em>de trabajar todos los d\u00edas por conseguir tu sue\u00f1o de futuro<\/em><\/strong>, de la importancia de <strong><em>\u201cseguir siempre form\u00e1ndote\u201d<\/em><\/strong>, <strong>\u201c<em>detr\u00e1s de una profesi\u00f3n siempre hay personas, y las personas tienen sentimientos\u201d \u2026<\/em><\/strong><\/span><\/p>\n<p style=\"font-weight: 400;\"><span>A la pregunta de <strong>\u00bfQu\u00e9 le dir\u00edas a tu yo del pasado?<\/strong> respondieron desde su coraz\u00f3n y compartimos con vosotros algunos de sus consejos:<\/span><\/p>\n<ul>\n<li><span>No os frustr\u00e9is<\/span><\/li>\n<li><span>No se puede tener todo controlado, en el colegio est\u00e1is muy protegidos y vais a salir a un mundo en el que vais a ser desconocidos<\/span><\/li>\n<li><span>Es importante tener un n\u00facleo familiar, de amigos de referencia<\/span><\/li>\n<li><span>No debes abandonar todas las cosas que te gustan, te hacen feliz y te desarrollan como persona, como practicar tu deporte, cuidar a tus amigos, ser animador del Centro Juvenil\u2026<\/span><\/li>\n<li><span>Sigue siempre luchando, todo lo malo pasa y siempre llega lo bueno<\/span><\/li>\n<li><span>Sed siempre agradecidos, con quienes os cuidan, con vuestros profesores y familia<\/span><\/li>\n<li><span>Estad siempre preparados para el cambio<\/span><\/li>\n<li><span>No eras tan mala\/o estudiante como cre\u00edas, simplemente no hab\u00edas encontrado la raz\u00f3n por la que estudiar<\/span><\/li>\n<\/ul>\n<p style=\"font-weight: 400;\"><span>Desde el equipo educativo y pastoral les agradecemos de coraz\u00f3n su testimonio record\u00e1ndoles que te las puertas de este Colegio est\u00e1n siempre abiertas. Agradecemos igualmente a la AMPA su colaboraci\u00f3n en esta actividad, esperando contar con ellos en futuras ediciones.<\/span><\/p>\n<p>[\/et_pb_text][\/et_pb_column][\/et_pb_row][\/et_pb_section]<\/p>\n","protected":false},"excerpt":{"rendered":"<p>La ma\u00f1ana del viernes 22 los alumnos de 4.\u00ba ESO y 1\u00aa de bachillerato tuvieron la oportunidad de recibir el testimonio directo de 11 profesionales, 8 de ellos antiguos alumnos, que compartieron con ellos su experiencia y vocaci\u00f3n. No s\u00f3lo les presentaron sus respectivas profesiones y salidas laborales (muchas de ellas desconocidas para nuestros alumnos [&hellip;]<\/p>\n","protected":false},"author":1,"featured_media":7445,"comment_status":"open","ping_status":"open","sticky":false,"template":"","format":"standard","meta":{"_et_pb_use_builder":"on","_et_pb_old_content":"","_et_gb_content_width":"","_joinchat":[],"footnotes":""},"categories":[53],"tags":[],"class_list":["post-7444","post","type-post","status-publish","format-standard","has-post-thumbnail","hentry","category-eso"],"yoast_head":"<!-- This site is optimized with the Yoast SEO plugin v28.4 - https:\/\/yoast.com\/product\/yoast-seo-wordpress\/ -->\n<title>Jornada de Orientaci\u00f3n Profesional - Colegio Mar\u00eda Auxiliadora<\/title>\n<meta name=\"robots\" content=\"index, follow, max-snippet:-1, max-image-preview:large, max-video-preview:-1\" \/>\n<link rel=\"canonical\" href=\"https:\/\/salesianosmaux.es\/colegio\/2024\/03\/24\/jornada-de-orientacion-profesional\/\" \/>\n<meta property=\"og:locale\" content=\"es_ES\" \/>\n<meta property=\"og:type\" content=\"article\" \/>\n<meta property=\"og:title\" content=\"Jornada de Orientaci\u00f3n Profesional - Colegio Mar\u00eda Auxiliadora\" \/>\n<meta property=\"og:description\" content=\"Te puede interesar...\" \/>\n<meta property=\"og:url\" content=\"https:\/\/salesianosmaux.es\/colegio\/2024\/03\/24\/jornada-de-orientacion-profesional\/\" \/>\n<meta property=\"og:site_name\" content=\"Colegio Mar\u00eda Auxiliadora\" \/>\n<meta property=\"article:published_time\" content=\"2024-03-24T16:43:05+00:00\" \/>\n<meta property=\"article:modified_time\" content=\"2026-08-31T07:40:24+00:00\" \/>\n<meta property=\"og:image\" content=\"https:\/\/salesianosmaux.es\/colegio\/wp-content\/uploads\/sites\/5\/2024\/03\/24Orien-scaled.jpg\" \/>\n\t<meta property=\"og:image:width\" content=\"2560\" \/>\n\t<meta property=\"og:image:height\" content=\"1920\" \/>\n\t<meta property=\"og:image:type\" content=\"image\/jpeg\" \/>\n<meta name=\"author\" content=\"admin\" \/>\n<meta name=\"twitter:card\" content=\"summary_large_image\" \/>\n<meta name=\"twitter:label1\" content=\"Escrito por\" \/>\n\t<meta name=\"twitter:data1\" content=\"admin\" \/>\n\t<meta name=\"twitter:label2\" content=\"Tiempo de lectura\" \/>\n\t<meta name=\"twitter:data2\" content=\"1 minuto\" \/>\n<script type=\"application\/ld+json\" class=\"yoast-schema-graph\">{\"@context\":\"https:\\\/\\\/schema.org\",\"@graph\":[{\"@type\":\"Article\",\"@id\":\"https:\\\/\\\/salesianosmaux.es\\\/colegio\\\/2024\\\/03\\\/24\\\/jornada-de-orientacion-profesional\\\/#article\",\"isPartOf\":{\"@id\":\"https:\\\/\\\/salesianosmaux.es\\\/colegio\\\/2024\\\/03\\\/24\\\/jornada-de-orientacion-profesional\\\/\"},\"author\":{\"name\":\"admin\",\"@id\":\"https:\\\/\\\/salesianosmaux.es\\\/colegio\\\/#\\\/schema\\\/person\\\/9bd111fcfb5210d0fa466bfc8154b2f8\"},\"headline\":\"Jornada de Orientaci\u00f3n Profesional\",\"datePublished\":\"2024-03-24T16:43:05+00:00\",\"dateModified\":\"2026-08-31T07:40:24+00:00\",\"mainEntityOfPage\":{\"@id\":\"https:\\\/\\\/salesianosmaux.es\\\/colegio\\\/2024\\\/03\\\/24\\\/jornada-de-orientacion-profesional\\\/\"},\"wordCount\":515,\"commentCount\":0,\"image\":{\"@id\":\"https:\\\/\\\/salesianosmaux.es\\\/colegio\\\/2024\\\/03\\\/24\\\/jornada-de-orientacion-profesional\\\/#primaryimage\"},\"thumbnailUrl\":\"https:\\\/\\\/salesianosmaux.es\\\/colegio\\\/wp-content\\\/uploads\\\/sites\\\/5\\\/2024\\\/03\\\/24Orien-scaled.jpg\",\"articleSection\":[\"ESO\"],\"inLanguage\":\"es\",\"potentialAction\":[{\"@type\":\"CommentAction\",\"name\":\"Comment\",\"target\":[\"https:\\\/\\\/salesianosmaux.es\\\/colegio\\\/2024\\\/03\\\/24\\\/jornada-de-orientacion-profesional\\\/#respond\"]}]},{\"@type\":\"WebPage\",\"@id\":\"https:\\\/\\\/salesianosmaux.es\\\/colegio\\\/2024\\\/03\\\/24\\\/jornada-de-orientacion-profesional\\\/\",\"url\":\"https:\\\/\\\/salesianosmaux.es\\\/colegio\\\/2024\\\/03\\\/24\\\/jornada-de-orientacion-profesional\\\/\",\"name\":\"Jornada de Orientaci\u00f3n Profesional - Colegio Mar\u00eda Auxiliadora\",\"isPartOf\":{\"@id\":\"https:\\\/\\\/salesianosmaux.es\\\/colegio\\\/#website\"},\"primaryImageOfPage\":{\"@id\":\"https:\\\/\\\/salesianosmaux.es\\\/colegio\\\/2024\\\/03\\\/24\\\/jornada-de-orientacion-profesional\\\/#primaryimage\"},\"image\":{\"@id\":\"https:\\\/\\\/salesianosmaux.es\\\/colegio\\\/2024\\\/03\\\/24\\\/jornada-de-orientacion-profesional\\\/#primaryimage\"},\"thumbnailUrl\":\"https:\\\/\\\/salesianosmaux.es\\\/colegio\\\/wp-content\\\/uploads\\\/sites\\\/5\\\/2024\\\/03\\\/24Orien-scaled.jpg\",\"datePublished\":\"2024-03-24T16:43:05+00:00\",\"dateModified\":\"2026-08-31T07:40:24+00:00\",\"author\":{\"@id\":\"https:\\\/\\\/salesianosmaux.es\\\/colegio\\\/#\\\/schema\\\/person\\\/9bd111fcfb5210d0fa466bfc8154b2f8\"},\"breadcrumb\":{\"@id\":\"https:\\\/\\\/salesianosmaux.es\\\/colegio\\\/2024\\\/03\\\/24\\\/jornada-de-orientacion-profesional\\\/#breadcrumb\"},\"inLanguage\":\"es\",\"potentialAction\":[{\"@type\":\"ReadAction\",\"target\":[\"https:\\\/\\\/salesianosmaux.es\\\/colegio\\\/2024\\\/03\\\/24\\\/jornada-de-orientacion-profesional\\\/\"]}]},{\"@type\":\"ImageObject\",\"inLanguage\":\"es\",\"@id\":\"https:\\\/\\\/salesianosmaux.es\\\/colegio\\\/2024\\\/03\\\/24\\\/jornada-de-orientacion-profesional\\\/#primaryimage\",\"url\":\"https:\\\/\\\/salesianosmaux.es\\\/colegio\\\/wp-content\\\/uploads\\\/sites\\\/5\\\/2024\\\/03\\\/24Orien-scaled.jpg\",\"contentUrl\":\"https:\\\/\\\/salesianosmaux.es\\\/colegio\\\/wp-content\\\/uploads\\\/sites\\\/5\\\/2024\\\/03\\\/24Orien-scaled.jpg\",\"width\":2560,\"height\":1920},{\"@type\":\"BreadcrumbList\",\"@id\":\"https:\\\/\\\/salesianosmaux.es\\\/colegio\\\/2024\\\/03\\\/24\\\/jornada-de-orientacion-profesional\\\/#breadcrumb\",\"itemListElement\":[{\"@type\":\"ListItem\",\"position\":1,\"name\":\"Portada\",\"item\":\"https:\\\/\\\/salesianosmaux.es\\\/colegio\\\/\"},{\"@type\":\"ListItem\",\"position\":2,\"name\":\"Jornada de Orientaci\u00f3n Profesional\"}]},{\"@type\":\"WebSite\",\"@id\":\"https:\\\/\\\/salesianosmaux.es\\\/colegio\\\/#website\",\"url\":\"https:\\\/\\\/salesianosmaux.es\\\/colegio\\\/\",\"name\":\"Colegio Mar\u00eda Auxiliadora\",\"description\":\"Colegio Mar\u00eda Auxiliadora\",\"potentialAction\":[{\"@type\":\"SearchAction\",\"target\":{\"@type\":\"EntryPoint\",\"urlTemplate\":\"https:\\\/\\\/salesianosmaux.es\\\/colegio\\\/?s={search_term_string}\"},\"query-input\":{\"@type\":\"PropertyValueSpecification\",\"valueRequired\":true,\"valueName\":\"search_term_string\"}}],\"inLanguage\":\"es\"},{\"@type\":\"Person\",\"@id\":\"https:\\\/\\\/salesianosmaux.es\\\/colegio\\\/#\\\/schema\\\/person\\\/9bd111fcfb5210d0fa466bfc8154b2f8\",\"name\":\"admin\",\"image\":{\"@type\":\"ImageObject\",\"inLanguage\":\"es\",\"@id\":\"https:\\\/\\\/secure.gravatar.com\\\/avatar\\\/09550e5c75cc821753a661f1c7f497ea1bbe9e394289f33e436a29a7df762242?s=96&d=mm&r=g\",\"url\":\"https:\\\/\\\/secure.gravatar.com\\\/avatar\\\/09550e5c75cc821753a661f1c7f497ea1bbe9e394289f33e436a29a7df762242?s=96&d=mm&r=g\",\"contentUrl\":\"https:\\\/\\\/secure.gravatar.com\\\/avatar\\\/09550e5c75cc821753a661f1c7f497ea1bbe9e394289f33e436a29a7df762242?s=96&d=mm&r=g\",\"caption\":\"admin\"},\"sameAs\":[\"https:\\\/\\\/salesianosmaux.es\"],\"url\":\"https:\\\/\\\/salesianosmaux.es\\\/colegio\\\/author\\\/salamanca_95jmwv72\\\/\"}]}<\/script>\n<!-- \/ Yoast SEO plugin. -->","yoast_head_json":{"title":"Jornada de Orientaci\u00f3n Profesional - Colegio Mar\u00eda Auxiliadora","robots":{"index":"index","follow":"follow","max-snippet":"max-snippet:-1","max-image-preview":"max-image-preview:large","max-video-preview":"max-video-preview:-1"},"canonical":"https:\/\/salesianosmaux.es\/colegio\/2024\/03\/24\/jornada-de-orientacion-profesional\/","og_locale":"es_ES","og_type":"article","og_title":"Jornada de Orientaci\u00f3n Profesional - Colegio Mar\u00eda Auxiliadora","og_description":"Te puede interesar...","og_url":"https:\/\/salesianosmaux.es\/colegio\/2024\/03\/24\/jornada-de-orientacion-profesional\/","og_site_name":"Colegio Mar\u00eda Auxiliadora","article_published_time":"2024-03-24T16:43:05+00:00","article_modified_time":"2026-08-31T07:40:24+00:00","og_image":[{"width":2560,"height":1920,"url":"https:\/\/salesianosmaux.es\/colegio\/wp-content\/uploads\/sites\/5\/2024\/03\/24Orien-scaled.jpg","type":"image\/jpeg"}],"author":"admin","twitter_card":"summary_large_image","twitter_misc":{"Escrito por":"admin","Tiempo de lectura":"1 minuto"},"schema":{"@context":"https:\/\/schema.org","@graph":[{"@type":"Article","@id":"https:\/\/salesianosmaux.es\/colegio\/2024\/03\/24\/jornada-de-orientacion-profesional\/#article","isPartOf":{"@id":"https:\/\/salesianosmaux.es\/colegio\/2024\/03\/24\/jornada-de-orientacion-profesional\/"},"author":{"name":"admin","@id":"https:\/\/salesianosmaux.es\/colegio\/#\/schema\/person\/9bd111fcfb5210d0fa466bfc8154b2f8"},"headline":"Jornada de Orientaci\u00f3n Profesional","datePublished":"2024-03-24T16:43:05+00:00","dateModified":"2026-08-31T07:40:24+00:00","mainEntityOfPage":{"@id":"https:\/\/salesianosmaux.es\/colegio\/2024\/03\/24\/jornada-de-orientacion-profesional\/"},"wordCount":515,"commentCount":0,"image":{"@id":"https:\/\/salesianosmaux.es\/colegio\/2024\/03\/24\/jornada-de-orientacion-profesional\/#primaryimage"},"thumbnailUrl":"https:\/\/salesianosmaux.es\/colegio\/wp-content\/uploads\/sites\/5\/2024\/03\/24Orien-scaled.jpg","articleSection":["ESO"],"inLanguage":"es","potentialAction":[{"@type":"CommentAction","name":"Comment","target":["https:\/\/salesianosmaux.es\/colegio\/2024\/03\/24\/jornada-de-orientacion-profesional\/#respond"]}]},{"@type":"WebPage","@id":"https:\/\/salesianosmaux.es\/colegio\/2024\/03\/24\/jornada-de-orientacion-profesional\/","url":"https:\/\/salesianosmaux.es\/colegio\/2024\/03\/24\/jornada-de-orientacion-profesional\/","name":"Jornada de Orientaci\u00f3n Profesional - Colegio Mar\u00eda Auxiliadora","isPartOf":{"@id":"https:\/\/salesianosmaux.es\/colegio\/#website"},"primaryImageOfPage":{"@id":"https:\/\/salesianosmaux.es\/colegio\/2024\/03\/24\/jornada-de-orientacion-profesional\/#primaryimage"},"image":{"@id":"https:\/\/salesianosmaux.es\/colegio\/2024\/03\/24\/jornada-de-orientacion-profesional\/#primaryimage"},"thumbnailUrl":"https:\/\/salesianosmaux.es\/colegio\/wp-content\/uploads\/sites\/5\/2024\/03\/24Orien-scaled.jpg","datePublished":"2024-03-24T16:43:05+00:00","dateModified":"2026-08-31T07:40:24+00:00","author":{"@id":"https:\/\/salesianosmaux.es\/colegio\/#\/schema\/person\/9bd111fcfb5210d0fa466bfc8154b2f8"},"breadcrumb":{"@id":"https:\/\/salesianosmaux.es\/colegio\/2024\/03\/24\/jornada-de-orientacion-profesional\/#breadcrumb"},"inLanguage":"es","potentialAction":[{"@type":"ReadAction","target":["https:\/\/salesianosmaux.es\/colegio\/2024\/03\/24\/jornada-de-orientacion-profesional\/"]}]},{"@type":"ImageObject","inLanguage":"es","@id":"https:\/\/salesianosmaux.es\/colegio\/2024\/03\/24\/jornada-de-orientacion-profesional\/#primaryimage","url":"https:\/\/salesianosmaux.es\/colegio\/wp-content\/uploads\/sites\/5\/2024\/03\/24Orien-scaled.jpg","contentUrl":"https:\/\/salesianosmaux.es\/colegio\/wp-content\/uploads\/sites\/5\/2024\/03\/24Orien-scaled.jpg","width":2560,"height":1920},{"@type":"BreadcrumbList","@id":"https:\/\/salesianosmaux.es\/colegio\/2024\/03\/24\/jornada-de-orientacion-profesional\/#breadcrumb","itemListElement":[{"@type":"ListItem","position":1,"name":"Portada","item":"https:\/\/salesianosmaux.es\/colegio\/"},{"@type":"ListItem","position":2,"name":"Jornada de Orientaci\u00f3n Profesional"}]},{"@type":"WebSite","@id":"https:\/\/salesianosmaux.es\/colegio\/#website","url":"https:\/\/salesianosmaux.es\/colegio\/","name":"Colegio Mar\u00eda Auxiliadora","description":"Colegio Mar\u00eda Auxiliadora","potentialAction":[{"@type":"SearchAction","target":{"@type":"EntryPoint","urlTemplate":"https:\/\/salesianosmaux.es\/colegio\/?s={search_term_string}"},"query-input":{"@type":"PropertyValueSpecification","valueRequired":true,"valueName":"search_term_string"}}],"inLanguage":"es"},{"@type":"Person","@id":"https:\/\/salesianosmaux.es\/colegio\/#\/schema\/person\/9bd111fcfb5210d0fa466bfc8154b2f8","name":"admin","image":{"@type":"ImageObject","inLanguage":"es","@id":"https:\/\/secure.gravatar.com\/avatar\/09550e5c75cc821753a661f1c7f497ea1bbe9e394289f33e436a29a7df762242?s=96&d=mm&r=g","url":"https:\/\/secure.gravatar.com\/avatar\/09550e5c75cc821753a661f1c7f497ea1bbe9e394289f33e436a29a7df762242?s=96&d=mm&r=g","contentUrl":"https:\/\/secure.gravatar.com\/avatar\/09550e5c75cc821753a661f1c7f497ea1bbe9e394289f33e436a29a7df762242?s=96&d=mm&r=g","caption":"admin"},"sameAs":["https:\/\/salesianosmaux.es"],"url":"https:\/\/salesianosmaux.es\/colegio\/author\/salamanca_95jmwv72\/"}]}},"_links":{"self":[{"href":"https:\/\/salesianosmaux.es\/colegio\/wp-json\/wp\/v2\/posts\/7444","targetHints":{"allow":["GET"]}}],"collection":[{"href":"https:\/\/salesianosmaux.es\/colegio\/wp-json\/wp\/v2\/posts"}],"about":[{"href":"https:\/\/salesianosmaux.es\/colegio\/wp-json\/wp\/v2\/types\/post"}],"author":[{"embeddable":true,"href":"https:\/\/salesianosmaux.es\/colegio\/wp-json\/wp\/v2\/users\/1"}],"replies":[{"embeddable":true,"href":"https:\/\/salesianosmaux.es\/colegio\/wp-json\/wp\/v2\/comments?post=7444"}],"version-history":[{"count":2,"href":"https:\/\/salesianosmaux.es\/colegio\/wp-json\/wp\/v2\/posts\/7444\/revisions"}],"predecessor-version":[{"id":7448,"href":"https:\/\/salesianosmaux.es\/colegio\/wp-json\/wp\/v2\/posts\/7444\/revisions\/7448"}],"wp:featuredmedia":[{"embeddable":true,"href":"https:\/\/salesianosmaux.es\/colegio\/wp-json\/wp\/v2\/media\/7445"}],"wp:attachment":[{"href":"https:\/\/salesianosmaux.es\/colegio\/wp-json\/wp\/v2\/media?parent=7444"}],"wp:term":[{"taxonomy":"category","embeddable":true,"href":"https:\/\/salesianosmaux.es\/colegio\/wp-json\/wp\/v2\/categories?post=7444"},{"taxonomy":"post_tag","embeddable":true,"href":"https:\/\/salesianosmaux.es\/colegio\/wp-json\/wp\/v2\/tags?post=7444"}],"curies":[{"name":"wp","href":"https:\/\/api.w.org\/{rel}","templated":true}]}}