{"id":7908,"date":"2024-05-06T19:19:00","date_gmt":"2024-05-06T19:19:00","guid":{"rendered":"https:\/\/salesianosmaux.es\/colegio\/?p=7908"},"modified":"2026-08-31T07:40:24","modified_gmt":"2026-08-31T07:40:24","slug":"intercambio-escolar-de-frances","status":"publish","type":"post","link":"https:\/\/salesianosmaux.es\/colegio\/2024\/05\/06\/intercambio-escolar-de-frances\/","title":{"rendered":"Intercambio escolar de franc\u00e9s"},"content":{"rendered":"<p>[et_pb_section fb_built=\u00bb1&#8243; theme_builder_area=\u00bbpost_content\u00bb _builder_version=\u00bb4.25.0&#8243; _module_preset=\u00bbdefault\u00bb][et_pb_row _builder_version=\u00bb4.25.0&#8243; _module_preset=\u00bbdefault\u00bb theme_builder_area=\u00bbpost_content\u00bb][et_pb_column _builder_version=\u00bb4.25.0&#8243; _module_preset=\u00bbdefault\u00bb type=\u00bb4_4&#8243; theme_builder_area=\u00bbpost_content\u00bb][et_pb_text _builder_version=\u00bb4.25.0&#8243; _module_preset=\u00bbdefault\u00bb theme_builder_area=\u00bbpost_content\u00bb hover_enabled=\u00bb0&#8243; sticky_enabled=\u00bb0&#8243;]<\/p>\n<p style=\"font-weight: 400; text-align: justify;\">Los d\u00edas del 3 al 9 de abril de 2024, hemos acogido en nuestro Colegio de Mar\u00eda Auxiliadora de Salamanca a 34 alumnos franceses de la ciudad de Pau, en un intercambio escolar que siempre se ha planteado de dos a\u00f1os de duraci\u00f3n y que culminaba estos d\u00edas. Es una actividad que compartimos tambi\u00e9n con el colegio concertado San Jos\u00e9, en el que participan 16 alumnos.<\/p>\n<p style=\"font-weight: 400; text-align: justify;\">La historia de este intercambio se remonta a 2004, cuando comenzamos a establecer este contacto con el Colegio Simin Palay de Lescar (Pau), hemos celebrado, por tanto, 20 A\u00d1OS DE INTERCAMBIO ESCOLAR, en el que han participado m\u00e1s de 700 alumnos. En todo este tiempo no s\u00f3lo hemos estrechado lazos acad\u00e9micos y culturales, tambi\u00e9n hemos logrado una gran amistad entre los centros que participamos.<\/p>\n<p style=\"font-weight: 400; text-align: justify;\">En esta actividad escolar siempre ha sido muy importante la implicaci\u00f3n del colegio y los profesores, pero muy especialmente la dedicaci\u00f3n y participaci\u00f3n de los alumnos y sus familias. Sabemos que a lo largo de estos a\u00f1os no pocos alumnos y familias espa\u00f1olas y francesas se han encontrado y en algunos casos han establecido relaciones de amistad que perduran en el tiempo.<\/p>\n<p style=\"font-weight: 400; text-align: justify;\">Sea esta comunicaci\u00f3n un profundo agradecimiento a todos aquellos que han participado durante estos 20 a\u00f1os de historia de este intercambio escolar, colegios, profesores, alumnos, familias y todas las personas que se han implicado de muchas maneras en esta actividad.<\/p>\n<p>[\/et_pb_text][\/et_pb_column][\/et_pb_row][\/et_pb_section]<\/p>\n","protected":false},"excerpt":{"rendered":"<p>Los d\u00edas del 3 al 9 de abril de 2024, hemos acogido en nuestro Colegio de Mar\u00eda Auxiliadora de Salamanca a 34 alumnos franceses de la ciudad de Pau, en un intercambio escolar que siempre se ha planteado de dos a\u00f1os de duraci\u00f3n y que culminaba estos d\u00edas. Es una actividad que compartimos tambi\u00e9n con [&hellip;]<\/p>\n","protected":false},"author":1,"featured_media":7909,"comment_status":"open","ping_status":"open","sticky":false,"template":"","format":"standard","meta":{"_et_pb_use_builder":"on","_et_pb_old_content":"","_et_gb_content_width":"","_joinchat":[],"footnotes":""},"categories":[53],"tags":[],"class_list":["post-7908","post","type-post","status-publish","format-standard","has-post-thumbnail","hentry","category-eso"],"yoast_head":"<!-- This site is optimized with the Yoast SEO plugin v28.4 - https:\/\/yoast.com\/product\/yoast-seo-wordpress\/ -->\n<title>Intercambio escolar de franc\u00e9s - Colegio Mar\u00eda Auxiliadora<\/title>\n<meta name=\"robots\" content=\"index, follow, max-snippet:-1, max-image-preview:large, max-video-preview:-1\" \/>\n<link rel=\"canonical\" href=\"https:\/\/salesianosmaux.es\/colegio\/2024\/05\/06\/intercambio-escolar-de-frances\/\" \/>\n<meta property=\"og:locale\" content=\"es_ES\" \/>\n<meta property=\"og:type\" content=\"article\" \/>\n<meta property=\"og:title\" content=\"Intercambio escolar de franc\u00e9s - Colegio Mar\u00eda Auxiliadora\" \/>\n<meta property=\"og:description\" content=\"Te puede interesar...\" \/>\n<meta property=\"og:url\" content=\"https:\/\/salesianosmaux.es\/colegio\/2024\/05\/06\/intercambio-escolar-de-frances\/\" \/>\n<meta property=\"og:site_name\" content=\"Colegio Mar\u00eda Auxiliadora\" \/>\n<meta property=\"article:published_time\" content=\"2024-05-06T19:19:00+00:00\" \/>\n<meta property=\"article:modified_time\" content=\"2026-08-31T07:40:24+00:00\" \/>\n<meta property=\"og:image\" content=\"https:\/\/salesianosmaux.es\/colegio\/wp-content\/uploads\/sites\/5\/2024\/05\/PHOTO-2024-04-05-11-00-22.jpg\" \/>\n\t<meta property=\"og:image:width\" content=\"1200\" \/>\n\t<meta property=\"og:image:height\" content=\"1600\" \/>\n\t<meta property=\"og:image:type\" content=\"image\/jpeg\" \/>\n<meta name=\"author\" content=\"admin\" \/>\n<meta name=\"twitter:card\" content=\"summary_large_image\" \/>\n<meta name=\"twitter:label1\" content=\"Escrito por\" \/>\n\t<meta name=\"twitter:data1\" content=\"admin\" \/>\n<script type=\"application\/ld+json\" class=\"yoast-schema-graph\">{\"@context\":\"https:\\\/\\\/schema.org\",\"@graph\":[{\"@type\":\"Article\",\"@id\":\"https:\\\/\\\/salesianosmaux.es\\\/colegio\\\/2024\\\/05\\\/06\\\/intercambio-escolar-de-frances\\\/#article\",\"isPartOf\":{\"@id\":\"https:\\\/\\\/salesianosmaux.es\\\/colegio\\\/2024\\\/05\\\/06\\\/intercambio-escolar-de-frances\\\/\"},\"author\":{\"name\":\"admin\",\"@id\":\"https:\\\/\\\/salesianosmaux.es\\\/colegio\\\/#\\\/schema\\\/person\\\/9bd111fcfb5210d0fa466bfc8154b2f8\"},\"headline\":\"Intercambio escolar de franc\u00e9s\",\"datePublished\":\"2024-05-06T19:19:00+00:00\",\"dateModified\":\"2026-08-31T07:40:24+00:00\",\"mainEntityOfPage\":{\"@id\":\"https:\\\/\\\/salesianosmaux.es\\\/colegio\\\/2024\\\/05\\\/06\\\/intercambio-escolar-de-frances\\\/\"},\"wordCount\":317,\"commentCount\":0,\"image\":{\"@id\":\"https:\\\/\\\/salesianosmaux.es\\\/colegio\\\/2024\\\/05\\\/06\\\/intercambio-escolar-de-frances\\\/#primaryimage\"},\"thumbnailUrl\":\"https:\\\/\\\/salesianosmaux.es\\\/colegio\\\/wp-content\\\/uploads\\\/sites\\\/5\\\/2024\\\/05\\\/PHOTO-2024-04-05-11-00-22.jpg\",\"articleSection\":[\"ESO\"],\"inLanguage\":\"es\",\"potentialAction\":[{\"@type\":\"CommentAction\",\"name\":\"Comment\",\"target\":[\"https:\\\/\\\/salesianosmaux.es\\\/colegio\\\/2024\\\/05\\\/06\\\/intercambio-escolar-de-frances\\\/#respond\"]}]},{\"@type\":\"WebPage\",\"@id\":\"https:\\\/\\\/salesianosmaux.es\\\/colegio\\\/2024\\\/05\\\/06\\\/intercambio-escolar-de-frances\\\/\",\"url\":\"https:\\\/\\\/salesianosmaux.es\\\/colegio\\\/2024\\\/05\\\/06\\\/intercambio-escolar-de-frances\\\/\",\"name\":\"Intercambio escolar de franc\u00e9s - Colegio Mar\u00eda Auxiliadora\",\"isPartOf\":{\"@id\":\"https:\\\/\\\/salesianosmaux.es\\\/colegio\\\/#website\"},\"primaryImageOfPage\":{\"@id\":\"https:\\\/\\\/salesianosmaux.es\\\/colegio\\\/2024\\\/05\\\/06\\\/intercambio-escolar-de-frances\\\/#primaryimage\"},\"image\":{\"@id\":\"https:\\\/\\\/salesianosmaux.es\\\/colegio\\\/2024\\\/05\\\/06\\\/intercambio-escolar-de-frances\\\/#primaryimage\"},\"thumbnailUrl\":\"https:\\\/\\\/salesianosmaux.es\\\/colegio\\\/wp-content\\\/uploads\\\/sites\\\/5\\\/2024\\\/05\\\/PHOTO-2024-04-05-11-00-22.jpg\",\"datePublished\":\"2024-05-06T19:19:00+00:00\",\"dateModified\":\"2026-08-31T07:40:24+00:00\",\"author\":{\"@id\":\"https:\\\/\\\/salesianosmaux.es\\\/colegio\\\/#\\\/schema\\\/person\\\/9bd111fcfb5210d0fa466bfc8154b2f8\"},\"breadcrumb\":{\"@id\":\"https:\\\/\\\/salesianosmaux.es\\\/colegio\\\/2024\\\/05\\\/06\\\/intercambio-escolar-de-frances\\\/#breadcrumb\"},\"inLanguage\":\"es\",\"potentialAction\":[{\"@type\":\"ReadAction\",\"target\":[\"https:\\\/\\\/salesianosmaux.es\\\/colegio\\\/2024\\\/05\\\/06\\\/intercambio-escolar-de-frances\\\/\"]}]},{\"@type\":\"ImageObject\",\"inLanguage\":\"es\",\"@id\":\"https:\\\/\\\/salesianosmaux.es\\\/colegio\\\/2024\\\/05\\\/06\\\/intercambio-escolar-de-frances\\\/#primaryimage\",\"url\":\"https:\\\/\\\/salesianosmaux.es\\\/colegio\\\/wp-content\\\/uploads\\\/sites\\\/5\\\/2024\\\/05\\\/PHOTO-2024-04-05-11-00-22.jpg\",\"contentUrl\":\"https:\\\/\\\/salesianosmaux.es\\\/colegio\\\/wp-content\\\/uploads\\\/sites\\\/5\\\/2024\\\/05\\\/PHOTO-2024-04-05-11-00-22.jpg\",\"width\":1200,\"height\":1600},{\"@type\":\"BreadcrumbList\",\"@id\":\"https:\\\/\\\/salesianosmaux.es\\\/colegio\\\/2024\\\/05\\\/06\\\/intercambio-escolar-de-frances\\\/#breadcrumb\",\"itemListElement\":[{\"@type\":\"ListItem\",\"position\":1,\"name\":\"Portada\",\"item\":\"https:\\\/\\\/salesianosmaux.es\\\/colegio\\\/\"},{\"@type\":\"ListItem\",\"position\":2,\"name\":\"Intercambio escolar de franc\u00e9s\"}]},{\"@type\":\"WebSite\",\"@id\":\"https:\\\/\\\/salesianosmaux.es\\\/colegio\\\/#website\",\"url\":\"https:\\\/\\\/salesianosmaux.es\\\/colegio\\\/\",\"name\":\"Colegio Mar\u00eda Auxiliadora\",\"description\":\"Colegio Mar\u00eda Auxiliadora\",\"potentialAction\":[{\"@type\":\"SearchAction\",\"target\":{\"@type\":\"EntryPoint\",\"urlTemplate\":\"https:\\\/\\\/salesianosmaux.es\\\/colegio\\\/?s={search_term_string}\"},\"query-input\":{\"@type\":\"PropertyValueSpecification\",\"valueRequired\":true,\"valueName\":\"search_term_string\"}}],\"inLanguage\":\"es\"},{\"@type\":\"Person\",\"@id\":\"https:\\\/\\\/salesianosmaux.es\\\/colegio\\\/#\\\/schema\\\/person\\\/9bd111fcfb5210d0fa466bfc8154b2f8\",\"name\":\"admin\",\"image\":{\"@type\":\"ImageObject\",\"inLanguage\":\"es\",\"@id\":\"https:\\\/\\\/secure.gravatar.com\\\/avatar\\\/09550e5c75cc821753a661f1c7f497ea1bbe9e394289f33e436a29a7df762242?s=96&d=mm&r=g\",\"url\":\"https:\\\/\\\/secure.gravatar.com\\\/avatar\\\/09550e5c75cc821753a661f1c7f497ea1bbe9e394289f33e436a29a7df762242?s=96&d=mm&r=g\",\"contentUrl\":\"https:\\\/\\\/secure.gravatar.com\\\/avatar\\\/09550e5c75cc821753a661f1c7f497ea1bbe9e394289f33e436a29a7df762242?s=96&d=mm&r=g\",\"caption\":\"admin\"},\"sameAs\":[\"https:\\\/\\\/salesianosmaux.es\"],\"url\":\"https:\\\/\\\/salesianosmaux.es\\\/colegio\\\/author\\\/salamanca_95jmwv72\\\/\"}]}<\/script>\n<!-- \/ Yoast SEO plugin. -->","yoast_head_json":{"title":"Intercambio escolar de franc\u00e9s - Colegio Mar\u00eda Auxiliadora","robots":{"index":"index","follow":"follow","max-snippet":"max-snippet:-1","max-image-preview":"max-image-preview:large","max-video-preview":"max-video-preview:-1"},"canonical":"https:\/\/salesianosmaux.es\/colegio\/2024\/05\/06\/intercambio-escolar-de-frances\/","og_locale":"es_ES","og_type":"article","og_title":"Intercambio escolar de franc\u00e9s - Colegio Mar\u00eda Auxiliadora","og_description":"Te puede interesar...","og_url":"https:\/\/salesianosmaux.es\/colegio\/2024\/05\/06\/intercambio-escolar-de-frances\/","og_site_name":"Colegio Mar\u00eda Auxiliadora","article_published_time":"2024-05-06T19:19:00+00:00","article_modified_time":"2026-08-31T07:40:24+00:00","og_image":[{"width":1200,"height":1600,"url":"https:\/\/salesianosmaux.es\/colegio\/wp-content\/uploads\/sites\/5\/2024\/05\/PHOTO-2024-04-05-11-00-22.jpg","type":"image\/jpeg"}],"author":"admin","twitter_card":"summary_large_image","twitter_misc":{"Escrito por":"admin"},"schema":{"@context":"https:\/\/schema.org","@graph":[{"@type":"Article","@id":"https:\/\/salesianosmaux.es\/colegio\/2024\/05\/06\/intercambio-escolar-de-frances\/#article","isPartOf":{"@id":"https:\/\/salesianosmaux.es\/colegio\/2024\/05\/06\/intercambio-escolar-de-frances\/"},"author":{"name":"admin","@id":"https:\/\/salesianosmaux.es\/colegio\/#\/schema\/person\/9bd111fcfb5210d0fa466bfc8154b2f8"},"headline":"Intercambio escolar de franc\u00e9s","datePublished":"2024-05-06T19:19:00+00:00","dateModified":"2026-08-31T07:40:24+00:00","mainEntityOfPage":{"@id":"https:\/\/salesianosmaux.es\/colegio\/2024\/05\/06\/intercambio-escolar-de-frances\/"},"wordCount":317,"commentCount":0,"image":{"@id":"https:\/\/salesianosmaux.es\/colegio\/2024\/05\/06\/intercambio-escolar-de-frances\/#primaryimage"},"thumbnailUrl":"https:\/\/salesianosmaux.es\/colegio\/wp-content\/uploads\/sites\/5\/2024\/05\/PHOTO-2024-04-05-11-00-22.jpg","articleSection":["ESO"],"inLanguage":"es","potentialAction":[{"@type":"CommentAction","name":"Comment","target":["https:\/\/salesianosmaux.es\/colegio\/2024\/05\/06\/intercambio-escolar-de-frances\/#respond"]}]},{"@type":"WebPage","@id":"https:\/\/salesianosmaux.es\/colegio\/2024\/05\/06\/intercambio-escolar-de-frances\/","url":"https:\/\/salesianosmaux.es\/colegio\/2024\/05\/06\/intercambio-escolar-de-frances\/","name":"Intercambio escolar de franc\u00e9s - Colegio Mar\u00eda Auxiliadora","isPartOf":{"@id":"https:\/\/salesianosmaux.es\/colegio\/#website"},"primaryImageOfPage":{"@id":"https:\/\/salesianosmaux.es\/colegio\/2024\/05\/06\/intercambio-escolar-de-frances\/#primaryimage"},"image":{"@id":"https:\/\/salesianosmaux.es\/colegio\/2024\/05\/06\/intercambio-escolar-de-frances\/#primaryimage"},"thumbnailUrl":"https:\/\/salesianosmaux.es\/colegio\/wp-content\/uploads\/sites\/5\/2024\/05\/PHOTO-2024-04-05-11-00-22.jpg","datePublished":"2024-05-06T19:19:00+00:00","dateModified":"2026-08-31T07:40:24+00:00","author":{"@id":"https:\/\/salesianosmaux.es\/colegio\/#\/schema\/person\/9bd111fcfb5210d0fa466bfc8154b2f8"},"breadcrumb":{"@id":"https:\/\/salesianosmaux.es\/colegio\/2024\/05\/06\/intercambio-escolar-de-frances\/#breadcrumb"},"inLanguage":"es","potentialAction":[{"@type":"ReadAction","target":["https:\/\/salesianosmaux.es\/colegio\/2024\/05\/06\/intercambio-escolar-de-frances\/"]}]},{"@type":"ImageObject","inLanguage":"es","@id":"https:\/\/salesianosmaux.es\/colegio\/2024\/05\/06\/intercambio-escolar-de-frances\/#primaryimage","url":"https:\/\/salesianosmaux.es\/colegio\/wp-content\/uploads\/sites\/5\/2024\/05\/PHOTO-2024-04-05-11-00-22.jpg","contentUrl":"https:\/\/salesianosmaux.es\/colegio\/wp-content\/uploads\/sites\/5\/2024\/05\/PHOTO-2024-04-05-11-00-22.jpg","width":1200,"height":1600},{"@type":"BreadcrumbList","@id":"https:\/\/salesianosmaux.es\/colegio\/2024\/05\/06\/intercambio-escolar-de-frances\/#breadcrumb","itemListElement":[{"@type":"ListItem","position":1,"name":"Portada","item":"https:\/\/salesianosmaux.es\/colegio\/"},{"@type":"ListItem","position":2,"name":"Intercambio escolar de franc\u00e9s"}]},{"@type":"WebSite","@id":"https:\/\/salesianosmaux.es\/colegio\/#website","url":"https:\/\/salesianosmaux.es\/colegio\/","name":"Colegio Mar\u00eda Auxiliadora","description":"Colegio Mar\u00eda Auxiliadora","potentialAction":[{"@type":"SearchAction","target":{"@type":"EntryPoint","urlTemplate":"https:\/\/salesianosmaux.es\/colegio\/?s={search_term_string}"},"query-input":{"@type":"PropertyValueSpecification","valueRequired":true,"valueName":"search_term_string"}}],"inLanguage":"es"},{"@type":"Person","@id":"https:\/\/salesianosmaux.es\/colegio\/#\/schema\/person\/9bd111fcfb5210d0fa466bfc8154b2f8","name":"admin","image":{"@type":"ImageObject","inLanguage":"es","@id":"https:\/\/secure.gravatar.com\/avatar\/09550e5c75cc821753a661f1c7f497ea1bbe9e394289f33e436a29a7df762242?s=96&d=mm&r=g","url":"https:\/\/secure.gravatar.com\/avatar\/09550e5c75cc821753a661f1c7f497ea1bbe9e394289f33e436a29a7df762242?s=96&d=mm&r=g","contentUrl":"https:\/\/secure.gravatar.com\/avatar\/09550e5c75cc821753a661f1c7f497ea1bbe9e394289f33e436a29a7df762242?s=96&d=mm&r=g","caption":"admin"},"sameAs":["https:\/\/salesianosmaux.es"],"url":"https:\/\/salesianosmaux.es\/colegio\/author\/salamanca_95jmwv72\/"}]}},"_links":{"self":[{"href":"https:\/\/salesianosmaux.es\/colegio\/wp-json\/wp\/v2\/posts\/7908","targetHints":{"allow":["GET"]}}],"collection":[{"href":"https:\/\/salesianosmaux.es\/colegio\/wp-json\/wp\/v2\/posts"}],"about":[{"href":"https:\/\/salesianosmaux.es\/colegio\/wp-json\/wp\/v2\/types\/post"}],"author":[{"embeddable":true,"href":"https:\/\/salesianosmaux.es\/colegio\/wp-json\/wp\/v2\/users\/1"}],"replies":[{"embeddable":true,"href":"https:\/\/salesianosmaux.es\/colegio\/wp-json\/wp\/v2\/comments?post=7908"}],"version-history":[{"count":3,"href":"https:\/\/salesianosmaux.es\/colegio\/wp-json\/wp\/v2\/posts\/7908\/revisions"}],"predecessor-version":[{"id":7912,"href":"https:\/\/salesianosmaux.es\/colegio\/wp-json\/wp\/v2\/posts\/7908\/revisions\/7912"}],"wp:featuredmedia":[{"embeddable":true,"href":"https:\/\/salesianosmaux.es\/colegio\/wp-json\/wp\/v2\/media\/7909"}],"wp:attachment":[{"href":"https:\/\/salesianosmaux.es\/colegio\/wp-json\/wp\/v2\/media?parent=7908"}],"wp:term":[{"taxonomy":"category","embeddable":true,"href":"https:\/\/salesianosmaux.es\/colegio\/wp-json\/wp\/v2\/categories?post=7908"},{"taxonomy":"post_tag","embeddable":true,"href":"https:\/\/salesianosmaux.es\/colegio\/wp-json\/wp\/v2\/tags?post=7908"}],"curies":[{"name":"wp","href":"https:\/\/api.w.org\/{rel}","templated":true}]}}