{"id":8544,"date":"2024-08-30T06:37:26","date_gmt":"2024-08-30T06:37:26","guid":{"rendered":"https:\/\/salesianosmaux.es\/colegio\/?p=8544"},"modified":"2026-08-31T07:40:24","modified_gmt":"2026-08-31T07:40:24","slug":"reunion-informativa-para-familias-del-primer-ciclo-de-infantil-0-3-anos","status":"publish","type":"post","link":"https:\/\/salesianosmaux.es\/colegio\/2024\/08\/30\/reunion-informativa-para-familias-del-primer-ciclo-de-infantil-0-3-anos\/","title":{"rendered":"Reuni\u00f3n Informativa para Familias del Primer Ciclo de Infantil (0-3 a\u00f1os)"},"content":{"rendered":"<p>[et_pb_section fb_built=\u00bb1&#8243; theme_builder_area=\u00bbpost_content\u00bb _builder_version=\u00bb4.27.0&#8243; _module_preset=\u00bbdefault\u00bb][et_pb_row _builder_version=\u00bb4.27.0&#8243; _module_preset=\u00bbdefault\u00bb theme_builder_area=\u00bbpost_content\u00bb][et_pb_column _builder_version=\u00bb4.27.0&#8243; _module_preset=\u00bbdefault\u00bb type=\u00bb4_4&#8243; theme_builder_area=\u00bbpost_content\u00bb][et_pb_text _builder_version=\u00bb4.27.0&#8243; _module_preset=\u00bbdefault\u00bb theme_builder_area=\u00bbpost_content\u00bb hover_enabled=\u00bb0&#8243; sticky_enabled=\u00bb0&#8243;]<\/p>\n<p>El pr\u00f3ximo <strong>martes, 3 de septiembre, a las 11:00 horas<\/strong>, se llevar\u00e1 a cabo una reuni\u00f3n informativa dirigida a las familias de los alumnos del primer ciclo de infantil (0-3 a\u00f1os). El evento tendr\u00e1 lugar en el <strong>teatro<\/strong> del colegio y tiene como objetivo brindar toda la informaci\u00f3n necesaria para el inicio del curso escolar.<\/p>\n<p><strong>Entre los d\u00edas 4 y 5 de septiembre se llevar\u00e1n a cabo las entrevistas individuales con cada familia<\/strong>, donde se abordar\u00e1n temas espec\u00edficos relacionados con cada ni\u00f1o o ni\u00f1a.<\/p>\n<p>El comienzo oficial de las clases ser\u00e1 el viernes 6 de septiembre. Para aquellas familias que necesiten el servicio de madrugadores, el horario de entrada ser\u00e1 a partir de las 7:30 horas. El resto de los alumnos podr\u00e1n asistir desde las 9:00 horas.<\/p>\n<p>Os recordamos la importancia de asistir a la reuni\u00f3n y estar puntuales en las entrevistas para un inicio de curso organizado y exitoso.<\/p>\n<p>[\/et_pb_text][\/et_pb_column][\/et_pb_row][\/et_pb_section]<\/p>\n","protected":false},"excerpt":{"rendered":"<p>El pr\u00f3ximo martes, 3 de septiembre, a las 11:00 horas, se llevar\u00e1 a cabo una reuni\u00f3n informativa dirigida a las familias de los alumnos del primer ciclo de infantil (0-3 a\u00f1os). El evento tendr\u00e1 lugar en el teatro del colegio y tiene como objetivo brindar toda la informaci\u00f3n necesaria para el inicio del curso escolar. [&hellip;]<\/p>\n","protected":false},"author":1,"featured_media":8545,"comment_status":"open","ping_status":"open","sticky":false,"template":"","format":"standard","meta":{"_et_pb_use_builder":"on","_et_pb_old_content":"","_et_gb_content_width":"","_joinchat":[],"footnotes":""},"categories":[39],"tags":[],"class_list":["post-8544","post","type-post","status-publish","format-standard","has-post-thumbnail","hentry","category-infantil"],"yoast_head":"<!-- This site is optimized with the Yoast SEO plugin v28.4 - https:\/\/yoast.com\/product\/yoast-seo-wordpress\/ -->\n<title>Reuni\u00f3n Informativa para Familias del Primer Ciclo de Infantil (0-3 a\u00f1os) - Colegio Mar\u00eda Auxiliadora<\/title>\n<meta name=\"robots\" content=\"index, follow, max-snippet:-1, max-image-preview:large, max-video-preview:-1\" \/>\n<link rel=\"canonical\" href=\"https:\/\/salesianosmaux.es\/colegio\/2024\/08\/30\/reunion-informativa-para-familias-del-primer-ciclo-de-infantil-0-3-anos\/\" \/>\n<meta property=\"og:locale\" content=\"es_ES\" \/>\n<meta property=\"og:type\" content=\"article\" \/>\n<meta property=\"og:title\" content=\"Reuni\u00f3n Informativa para Familias del Primer Ciclo de Infantil (0-3 a\u00f1os) - Colegio Mar\u00eda Auxiliadora\" \/>\n<meta property=\"og:description\" content=\"Te puede interesar...\" \/>\n<meta property=\"og:url\" content=\"https:\/\/salesianosmaux.es\/colegio\/2024\/08\/30\/reunion-informativa-para-familias-del-primer-ciclo-de-infantil-0-3-anos\/\" \/>\n<meta property=\"og:site_name\" content=\"Colegio Mar\u00eda Auxiliadora\" \/>\n<meta property=\"article:published_time\" content=\"2024-08-30T06:37:26+00:00\" \/>\n<meta property=\"article:modified_time\" content=\"2026-08-31T07:40:24+00:00\" \/>\n<meta property=\"og:image\" content=\"https:\/\/salesianosmaux.es\/colegio\/wp-content\/uploads\/sites\/5\/2024\/08\/DALL\u00b7E-2024-08-30-08.32.35-A-scene-of-a-teacher-meeting-with-a-small-group-of-parents-in-an-infant-classroom.-The-room-is-colorful-with-toys-small-tables-and-chairs-suitable-f.webp\" \/>\n\t<meta property=\"og:image:width\" content=\"1024\" \/>\n\t<meta property=\"og:image:height\" content=\"1024\" \/>\n\t<meta property=\"og:image:type\" content=\"image\/webp\" \/>\n<meta name=\"author\" content=\"admin\" \/>\n<meta name=\"twitter:card\" content=\"summary_large_image\" \/>\n<meta name=\"twitter:label1\" content=\"Escrito por\" \/>\n\t<meta name=\"twitter:data1\" content=\"admin\" \/>\n\t<meta name=\"twitter:label2\" content=\"Tiempo de lectura\" \/>\n\t<meta name=\"twitter:data2\" content=\"1 minuto\" \/>\n<script type=\"application\/ld+json\" class=\"yoast-schema-graph\">{\"@context\":\"https:\\\/\\\/schema.org\",\"@graph\":[{\"@type\":\"Article\",\"@id\":\"https:\\\/\\\/salesianosmaux.es\\\/colegio\\\/2024\\\/08\\\/30\\\/reunion-informativa-para-familias-del-primer-ciclo-de-infantil-0-3-anos\\\/#article\",\"isPartOf\":{\"@id\":\"https:\\\/\\\/salesianosmaux.es\\\/colegio\\\/2024\\\/08\\\/30\\\/reunion-informativa-para-familias-del-primer-ciclo-de-infantil-0-3-anos\\\/\"},\"author\":{\"name\":\"admin\",\"@id\":\"https:\\\/\\\/salesianosmaux.es\\\/colegio\\\/#\\\/schema\\\/person\\\/9bd111fcfb5210d0fa466bfc8154b2f8\"},\"headline\":\"Reuni\u00f3n Informativa para Familias del Primer Ciclo de Infantil (0-3 a\u00f1os)\",\"datePublished\":\"2024-08-30T06:37:26+00:00\",\"dateModified\":\"2026-08-31T07:40:24+00:00\",\"mainEntityOfPage\":{\"@id\":\"https:\\\/\\\/salesianosmaux.es\\\/colegio\\\/2024\\\/08\\\/30\\\/reunion-informativa-para-familias-del-primer-ciclo-de-infantil-0-3-anos\\\/\"},\"wordCount\":239,\"commentCount\":0,\"image\":{\"@id\":\"https:\\\/\\\/salesianosmaux.es\\\/colegio\\\/2024\\\/08\\\/30\\\/reunion-informativa-para-familias-del-primer-ciclo-de-infantil-0-3-anos\\\/#primaryimage\"},\"thumbnailUrl\":\"https:\\\/\\\/salesianosmaux.es\\\/colegio\\\/wp-content\\\/uploads\\\/sites\\\/5\\\/2024\\\/08\\\/DALL\u00b7E-2024-08-30-08.32.35-A-scene-of-a-teacher-meeting-with-a-small-group-of-parents-in-an-infant-classroom.-The-room-is-colorful-with-toys-small-tables-and-chairs-suitable-f.webp\",\"articleSection\":[\"Infantil\"],\"inLanguage\":\"es\",\"potentialAction\":[{\"@type\":\"CommentAction\",\"name\":\"Comment\",\"target\":[\"https:\\\/\\\/salesianosmaux.es\\\/colegio\\\/2024\\\/08\\\/30\\\/reunion-informativa-para-familias-del-primer-ciclo-de-infantil-0-3-anos\\\/#respond\"]}]},{\"@type\":\"WebPage\",\"@id\":\"https:\\\/\\\/salesianosmaux.es\\\/colegio\\\/2024\\\/08\\\/30\\\/reunion-informativa-para-familias-del-primer-ciclo-de-infantil-0-3-anos\\\/\",\"url\":\"https:\\\/\\\/salesianosmaux.es\\\/colegio\\\/2024\\\/08\\\/30\\\/reunion-informativa-para-familias-del-primer-ciclo-de-infantil-0-3-anos\\\/\",\"name\":\"Reuni\u00f3n Informativa para Familias del Primer Ciclo de Infantil (0-3 a\u00f1os) - Colegio Mar\u00eda Auxiliadora\",\"isPartOf\":{\"@id\":\"https:\\\/\\\/salesianosmaux.es\\\/colegio\\\/#website\"},\"primaryImageOfPage\":{\"@id\":\"https:\\\/\\\/salesianosmaux.es\\\/colegio\\\/2024\\\/08\\\/30\\\/reunion-informativa-para-familias-del-primer-ciclo-de-infantil-0-3-anos\\\/#primaryimage\"},\"image\":{\"@id\":\"https:\\\/\\\/salesianosmaux.es\\\/colegio\\\/2024\\\/08\\\/30\\\/reunion-informativa-para-familias-del-primer-ciclo-de-infantil-0-3-anos\\\/#primaryimage\"},\"thumbnailUrl\":\"https:\\\/\\\/salesianosmaux.es\\\/colegio\\\/wp-content\\\/uploads\\\/sites\\\/5\\\/2024\\\/08\\\/DALL\u00b7E-2024-08-30-08.32.35-A-scene-of-a-teacher-meeting-with-a-small-group-of-parents-in-an-infant-classroom.-The-room-is-colorful-with-toys-small-tables-and-chairs-suitable-f.webp\",\"datePublished\":\"2024-08-30T06:37:26+00:00\",\"dateModified\":\"2026-08-31T07:40:24+00:00\",\"author\":{\"@id\":\"https:\\\/\\\/salesianosmaux.es\\\/colegio\\\/#\\\/schema\\\/person\\\/9bd111fcfb5210d0fa466bfc8154b2f8\"},\"breadcrumb\":{\"@id\":\"https:\\\/\\\/salesianosmaux.es\\\/colegio\\\/2024\\\/08\\\/30\\\/reunion-informativa-para-familias-del-primer-ciclo-de-infantil-0-3-anos\\\/#breadcrumb\"},\"inLanguage\":\"es\",\"potentialAction\":[{\"@type\":\"ReadAction\",\"target\":[\"https:\\\/\\\/salesianosmaux.es\\\/colegio\\\/2024\\\/08\\\/30\\\/reunion-informativa-para-familias-del-primer-ciclo-de-infantil-0-3-anos\\\/\"]}]},{\"@type\":\"ImageObject\",\"inLanguage\":\"es\",\"@id\":\"https:\\\/\\\/salesianosmaux.es\\\/colegio\\\/2024\\\/08\\\/30\\\/reunion-informativa-para-familias-del-primer-ciclo-de-infantil-0-3-anos\\\/#primaryimage\",\"url\":\"https:\\\/\\\/salesianosmaux.es\\\/colegio\\\/wp-content\\\/uploads\\\/sites\\\/5\\\/2024\\\/08\\\/DALL\u00b7E-2024-08-30-08.32.35-A-scene-of-a-teacher-meeting-with-a-small-group-of-parents-in-an-infant-classroom.-The-room-is-colorful-with-toys-small-tables-and-chairs-suitable-f.webp\",\"contentUrl\":\"https:\\\/\\\/salesianosmaux.es\\\/colegio\\\/wp-content\\\/uploads\\\/sites\\\/5\\\/2024\\\/08\\\/DALL\u00b7E-2024-08-30-08.32.35-A-scene-of-a-teacher-meeting-with-a-small-group-of-parents-in-an-infant-classroom.-The-room-is-colorful-with-toys-small-tables-and-chairs-suitable-f.webp\",\"width\":1024,\"height\":1024,\"caption\":\"Reuni\u00f3n EI\"},{\"@type\":\"BreadcrumbList\",\"@id\":\"https:\\\/\\\/salesianosmaux.es\\\/colegio\\\/2024\\\/08\\\/30\\\/reunion-informativa-para-familias-del-primer-ciclo-de-infantil-0-3-anos\\\/#breadcrumb\",\"itemListElement\":[{\"@type\":\"ListItem\",\"position\":1,\"name\":\"Portada\",\"item\":\"https:\\\/\\\/salesianosmaux.es\\\/colegio\\\/\"},{\"@type\":\"ListItem\",\"position\":2,\"name\":\"Reuni\u00f3n Informativa para Familias del Primer Ciclo de Infantil (0-3 a\u00f1os)\"}]},{\"@type\":\"WebSite\",\"@id\":\"https:\\\/\\\/salesianosmaux.es\\\/colegio\\\/#website\",\"url\":\"https:\\\/\\\/salesianosmaux.es\\\/colegio\\\/\",\"name\":\"Colegio Mar\u00eda Auxiliadora\",\"description\":\"Colegio Mar\u00eda Auxiliadora\",\"potentialAction\":[{\"@type\":\"SearchAction\",\"target\":{\"@type\":\"EntryPoint\",\"urlTemplate\":\"https:\\\/\\\/salesianosmaux.es\\\/colegio\\\/?s={search_term_string}\"},\"query-input\":{\"@type\":\"PropertyValueSpecification\",\"valueRequired\":true,\"valueName\":\"search_term_string\"}}],\"inLanguage\":\"es\"},{\"@type\":\"Person\",\"@id\":\"https:\\\/\\\/salesianosmaux.es\\\/colegio\\\/#\\\/schema\\\/person\\\/9bd111fcfb5210d0fa466bfc8154b2f8\",\"name\":\"admin\",\"image\":{\"@type\":\"ImageObject\",\"inLanguage\":\"es\",\"@id\":\"https:\\\/\\\/secure.gravatar.com\\\/avatar\\\/09550e5c75cc821753a661f1c7f497ea1bbe9e394289f33e436a29a7df762242?s=96&d=mm&r=g\",\"url\":\"https:\\\/\\\/secure.gravatar.com\\\/avatar\\\/09550e5c75cc821753a661f1c7f497ea1bbe9e394289f33e436a29a7df762242?s=96&d=mm&r=g\",\"contentUrl\":\"https:\\\/\\\/secure.gravatar.com\\\/avatar\\\/09550e5c75cc821753a661f1c7f497ea1bbe9e394289f33e436a29a7df762242?s=96&d=mm&r=g\",\"caption\":\"admin\"},\"sameAs\":[\"https:\\\/\\\/salesianosmaux.es\"],\"url\":\"https:\\\/\\\/salesianosmaux.es\\\/colegio\\\/author\\\/salamanca_95jmwv72\\\/\"}]}<\/script>\n<!-- \/ Yoast SEO plugin. -->","yoast_head_json":{"title":"Reuni\u00f3n Informativa para Familias del Primer Ciclo de Infantil (0-3 a\u00f1os) - Colegio Mar\u00eda Auxiliadora","robots":{"index":"index","follow":"follow","max-snippet":"max-snippet:-1","max-image-preview":"max-image-preview:large","max-video-preview":"max-video-preview:-1"},"canonical":"https:\/\/salesianosmaux.es\/colegio\/2024\/08\/30\/reunion-informativa-para-familias-del-primer-ciclo-de-infantil-0-3-anos\/","og_locale":"es_ES","og_type":"article","og_title":"Reuni\u00f3n Informativa para Familias del Primer Ciclo de Infantil (0-3 a\u00f1os) - Colegio Mar\u00eda Auxiliadora","og_description":"Te puede interesar...","og_url":"https:\/\/salesianosmaux.es\/colegio\/2024\/08\/30\/reunion-informativa-para-familias-del-primer-ciclo-de-infantil-0-3-anos\/","og_site_name":"Colegio Mar\u00eda Auxiliadora","article_published_time":"2024-08-30T06:37:26+00:00","article_modified_time":"2026-08-31T07:40:24+00:00","og_image":[{"width":1024,"height":1024,"url":"https:\/\/salesianosmaux.es\/colegio\/wp-content\/uploads\/sites\/5\/2024\/08\/DALL\u00b7E-2024-08-30-08.32.35-A-scene-of-a-teacher-meeting-with-a-small-group-of-parents-in-an-infant-classroom.-The-room-is-colorful-with-toys-small-tables-and-chairs-suitable-f.webp","type":"image\/webp"}],"author":"admin","twitter_card":"summary_large_image","twitter_misc":{"Escrito por":"admin","Tiempo de lectura":"1 minuto"},"schema":{"@context":"https:\/\/schema.org","@graph":[{"@type":"Article","@id":"https:\/\/salesianosmaux.es\/colegio\/2024\/08\/30\/reunion-informativa-para-familias-del-primer-ciclo-de-infantil-0-3-anos\/#article","isPartOf":{"@id":"https:\/\/salesianosmaux.es\/colegio\/2024\/08\/30\/reunion-informativa-para-familias-del-primer-ciclo-de-infantil-0-3-anos\/"},"author":{"name":"admin","@id":"https:\/\/salesianosmaux.es\/colegio\/#\/schema\/person\/9bd111fcfb5210d0fa466bfc8154b2f8"},"headline":"Reuni\u00f3n Informativa para Familias del Primer Ciclo de Infantil (0-3 a\u00f1os)","datePublished":"2024-08-30T06:37:26+00:00","dateModified":"2026-08-31T07:40:24+00:00","mainEntityOfPage":{"@id":"https:\/\/salesianosmaux.es\/colegio\/2024\/08\/30\/reunion-informativa-para-familias-del-primer-ciclo-de-infantil-0-3-anos\/"},"wordCount":239,"commentCount":0,"image":{"@id":"https:\/\/salesianosmaux.es\/colegio\/2024\/08\/30\/reunion-informativa-para-familias-del-primer-ciclo-de-infantil-0-3-anos\/#primaryimage"},"thumbnailUrl":"https:\/\/salesianosmaux.es\/colegio\/wp-content\/uploads\/sites\/5\/2024\/08\/DALL\u00b7E-2024-08-30-08.32.35-A-scene-of-a-teacher-meeting-with-a-small-group-of-parents-in-an-infant-classroom.-The-room-is-colorful-with-toys-small-tables-and-chairs-suitable-f.webp","articleSection":["Infantil"],"inLanguage":"es","potentialAction":[{"@type":"CommentAction","name":"Comment","target":["https:\/\/salesianosmaux.es\/colegio\/2024\/08\/30\/reunion-informativa-para-familias-del-primer-ciclo-de-infantil-0-3-anos\/#respond"]}]},{"@type":"WebPage","@id":"https:\/\/salesianosmaux.es\/colegio\/2024\/08\/30\/reunion-informativa-para-familias-del-primer-ciclo-de-infantil-0-3-anos\/","url":"https:\/\/salesianosmaux.es\/colegio\/2024\/08\/30\/reunion-informativa-para-familias-del-primer-ciclo-de-infantil-0-3-anos\/","name":"Reuni\u00f3n Informativa para Familias del Primer Ciclo de Infantil (0-3 a\u00f1os) - Colegio Mar\u00eda Auxiliadora","isPartOf":{"@id":"https:\/\/salesianosmaux.es\/colegio\/#website"},"primaryImageOfPage":{"@id":"https:\/\/salesianosmaux.es\/colegio\/2024\/08\/30\/reunion-informativa-para-familias-del-primer-ciclo-de-infantil-0-3-anos\/#primaryimage"},"image":{"@id":"https:\/\/salesianosmaux.es\/colegio\/2024\/08\/30\/reunion-informativa-para-familias-del-primer-ciclo-de-infantil-0-3-anos\/#primaryimage"},"thumbnailUrl":"https:\/\/salesianosmaux.es\/colegio\/wp-content\/uploads\/sites\/5\/2024\/08\/DALL\u00b7E-2024-08-30-08.32.35-A-scene-of-a-teacher-meeting-with-a-small-group-of-parents-in-an-infant-classroom.-The-room-is-colorful-with-toys-small-tables-and-chairs-suitable-f.webp","datePublished":"2024-08-30T06:37:26+00:00","dateModified":"2026-08-31T07:40:24+00:00","author":{"@id":"https:\/\/salesianosmaux.es\/colegio\/#\/schema\/person\/9bd111fcfb5210d0fa466bfc8154b2f8"},"breadcrumb":{"@id":"https:\/\/salesianosmaux.es\/colegio\/2024\/08\/30\/reunion-informativa-para-familias-del-primer-ciclo-de-infantil-0-3-anos\/#breadcrumb"},"inLanguage":"es","potentialAction":[{"@type":"ReadAction","target":["https:\/\/salesianosmaux.es\/colegio\/2024\/08\/30\/reunion-informativa-para-familias-del-primer-ciclo-de-infantil-0-3-anos\/"]}]},{"@type":"ImageObject","inLanguage":"es","@id":"https:\/\/salesianosmaux.es\/colegio\/2024\/08\/30\/reunion-informativa-para-familias-del-primer-ciclo-de-infantil-0-3-anos\/#primaryimage","url":"https:\/\/salesianosmaux.es\/colegio\/wp-content\/uploads\/sites\/5\/2024\/08\/DALL\u00b7E-2024-08-30-08.32.35-A-scene-of-a-teacher-meeting-with-a-small-group-of-parents-in-an-infant-classroom.-The-room-is-colorful-with-toys-small-tables-and-chairs-suitable-f.webp","contentUrl":"https:\/\/salesianosmaux.es\/colegio\/wp-content\/uploads\/sites\/5\/2024\/08\/DALL\u00b7E-2024-08-30-08.32.35-A-scene-of-a-teacher-meeting-with-a-small-group-of-parents-in-an-infant-classroom.-The-room-is-colorful-with-toys-small-tables-and-chairs-suitable-f.webp","width":1024,"height":1024,"caption":"Reuni\u00f3n EI"},{"@type":"BreadcrumbList","@id":"https:\/\/salesianosmaux.es\/colegio\/2024\/08\/30\/reunion-informativa-para-familias-del-primer-ciclo-de-infantil-0-3-anos\/#breadcrumb","itemListElement":[{"@type":"ListItem","position":1,"name":"Portada","item":"https:\/\/salesianosmaux.es\/colegio\/"},{"@type":"ListItem","position":2,"name":"Reuni\u00f3n Informativa para Familias del Primer Ciclo de Infantil (0-3 a\u00f1os)"}]},{"@type":"WebSite","@id":"https:\/\/salesianosmaux.es\/colegio\/#website","url":"https:\/\/salesianosmaux.es\/colegio\/","name":"Colegio Mar\u00eda Auxiliadora","description":"Colegio Mar\u00eda Auxiliadora","potentialAction":[{"@type":"SearchAction","target":{"@type":"EntryPoint","urlTemplate":"https:\/\/salesianosmaux.es\/colegio\/?s={search_term_string}"},"query-input":{"@type":"PropertyValueSpecification","valueRequired":true,"valueName":"search_term_string"}}],"inLanguage":"es"},{"@type":"Person","@id":"https:\/\/salesianosmaux.es\/colegio\/#\/schema\/person\/9bd111fcfb5210d0fa466bfc8154b2f8","name":"admin","image":{"@type":"ImageObject","inLanguage":"es","@id":"https:\/\/secure.gravatar.com\/avatar\/09550e5c75cc821753a661f1c7f497ea1bbe9e394289f33e436a29a7df762242?s=96&d=mm&r=g","url":"https:\/\/secure.gravatar.com\/avatar\/09550e5c75cc821753a661f1c7f497ea1bbe9e394289f33e436a29a7df762242?s=96&d=mm&r=g","contentUrl":"https:\/\/secure.gravatar.com\/avatar\/09550e5c75cc821753a661f1c7f497ea1bbe9e394289f33e436a29a7df762242?s=96&d=mm&r=g","caption":"admin"},"sameAs":["https:\/\/salesianosmaux.es"],"url":"https:\/\/salesianosmaux.es\/colegio\/author\/salamanca_95jmwv72\/"}]}},"_links":{"self":[{"href":"https:\/\/salesianosmaux.es\/colegio\/wp-json\/wp\/v2\/posts\/8544","targetHints":{"allow":["GET"]}}],"collection":[{"href":"https:\/\/salesianosmaux.es\/colegio\/wp-json\/wp\/v2\/posts"}],"about":[{"href":"https:\/\/salesianosmaux.es\/colegio\/wp-json\/wp\/v2\/types\/post"}],"author":[{"embeddable":true,"href":"https:\/\/salesianosmaux.es\/colegio\/wp-json\/wp\/v2\/users\/1"}],"replies":[{"embeddable":true,"href":"https:\/\/salesianosmaux.es\/colegio\/wp-json\/wp\/v2\/comments?post=8544"}],"version-history":[{"count":2,"href":"https:\/\/salesianosmaux.es\/colegio\/wp-json\/wp\/v2\/posts\/8544\/revisions"}],"predecessor-version":[{"id":8548,"href":"https:\/\/salesianosmaux.es\/colegio\/wp-json\/wp\/v2\/posts\/8544\/revisions\/8548"}],"wp:featuredmedia":[{"embeddable":true,"href":"https:\/\/salesianosmaux.es\/colegio\/wp-json\/wp\/v2\/media\/8545"}],"wp:attachment":[{"href":"https:\/\/salesianosmaux.es\/colegio\/wp-json\/wp\/v2\/media?parent=8544"}],"wp:term":[{"taxonomy":"category","embeddable":true,"href":"https:\/\/salesianosmaux.es\/colegio\/wp-json\/wp\/v2\/categories?post=8544"},{"taxonomy":"post_tag","embeddable":true,"href":"https:\/\/salesianosmaux.es\/colegio\/wp-json\/wp\/v2\/tags?post=8544"}],"curies":[{"name":"wp","href":"https:\/\/api.w.org\/{rel}","templated":true}]}}