{"id":9142,"date":"2024-11-14T20:55:15","date_gmt":"2024-11-14T20:55:15","guid":{"rendered":"https:\/\/salesianosmaux.es\/colegio\/?p=9142"},"modified":"2026-08-31T07:40:23","modified_gmt":"2026-08-31T07:40:23","slug":"exito-en-la-campana-del-domund-gracias-por-vuestra-solidaridad","status":"publish","type":"post","link":"https:\/\/salesianosmaux.es\/colegio\/2024\/11\/14\/exito-en-la-campana-del-domund-gracias-por-vuestra-solidaridad\/","title":{"rendered":"\u00c9xito en la Campa\u00f1a del DOMUND: \u00a1Gracias por vuestra solidaridad!"},"content":{"rendered":"<p>[et_pb_section fb_built=\u00bb1&#8243; theme_builder_area=\u00bbpost_content\u00bb _builder_version=\u00bb4.27.3&#8243; _module_preset=\u00bbdefault\u00bb][et_pb_row _builder_version=\u00bb4.27.3&#8243; _module_preset=\u00bbdefault\u00bb theme_builder_area=\u00bbpost_content\u00bb column_structure=\u00bb2_3,1_3&#8243;][et_pb_column _builder_version=\u00bb4.27.3&#8243; _module_preset=\u00bbdefault\u00bb type=\u00bb2_3&#8243; theme_builder_area=\u00bbpost_content\u00bb][et_pb_text _builder_version=\u00bb4.27.3&#8243; _module_preset=\u00bbdefault\u00bb theme_builder_area=\u00bbpost_content\u00bb hover_enabled=\u00bb0&#8243; sticky_enabled=\u00bb0&#8243;]<\/p>\n<p style=\"text-align: justify;\">Nos complace anunciar que, gracias a la colaboraci\u00f3n de nuestras familias, alumnos y personal del colegio, hemos recaudado un total de <strong>3.686,45 \u20ac<\/strong> en la <strong>Campa\u00f1a del DOMUND 2024<\/strong>. Este generoso aporte ser\u00e1 destinado a apoyar las <strong>Obras Misionales Pontificias<\/strong>, contribuyendo al desarrollo de proyectos solidarios en todo el mundo.<\/p>\n<p style=\"text-align: justify;\">Desde el <strong>Colegio Salesiano M\u00aa Auxiliadora<\/strong>, queremos expresar nuestro m\u00e1s sincero <strong>agradecimiento a todas las familias<\/strong> que han participado en esta campa\u00f1a. Vuestra solidaridad no solo refuerza nuestro compromiso con los valores cristianos, sino que tambi\u00e9n siembra esperanza y ayuda a quienes m\u00e1s lo necesitan.<\/p>\n<p style=\"text-align: justify;\">La <strong>solidaridad<\/strong> es un valor fundamental en nuestra comunidad educativa. A trav\u00e9s de iniciativas como el DOMUND, no solo promovemos el compromiso social, sino que tambi\u00e9n ense\u00f1amos a nuestros alumnos la importancia de implicarse en la construcci\u00f3n de un mundo m\u00e1s justo y solidario.<\/p>\n<p style=\"text-align: justify;\">Gracias por formar parte de esta misi\u00f3n. Juntos, seguimos construyendo el <strong>futuro que so\u00f1amos<\/strong>.<\/p>\n<p>[\/et_pb_text][\/et_pb_column][et_pb_column _builder_version=\u00bb4.27.3&#8243; _module_preset=\u00bbdefault\u00bb type=\u00bb1_3&#8243; theme_builder_area=\u00bbpost_content\u00bb][et_pb_image src=\u00bbhttps:\/\/salesianosmaux.es\/colegio\/wp-content\/uploads\/sites\/5\/2024\/11\/Salesianos_domund_2024_aportacion.png\u00bb _builder_version=\u00bb4.27.3&#8243; _module_preset=\u00bbdefault\u00bb theme_builder_area=\u00bbpost_content\u00bb title_text=\u00bbSalesianos_domund_2024_aportacion\u00bb hover_enabled=\u00bb0&#8243; sticky_enabled=\u00bb0&#8243;][\/et_pb_image][\/et_pb_column][\/et_pb_row][et_pb_row _builder_version=\u00bb4.27.3&#8243; _module_preset=\u00bbdefault\u00bb theme_builder_area=\u00bbpost_content\u00bb][et_pb_column _builder_version=\u00bb4.27.3&#8243; _module_preset=\u00bbdefault\u00bb type=\u00bb4_4&#8243; theme_builder_area=\u00bbpost_content\u00bb][et_pb_image src=\u00bbhttps:\/\/salesianosmaux.es\/colegio\/wp-content\/uploads\/sites\/5\/2024\/11\/Salesianos_aportacion_domund_maux_2024.png\u00bb _builder_version=\u00bb4.27.3&#8243; _module_preset=\u00bbdefault\u00bb theme_builder_area=\u00bbpost_content\u00bb title_text=\u00bbSalesianos_aportacion_domund_maux_2024&#8243; hover_enabled=\u00bb0&#8243; sticky_enabled=\u00bb0&#8243; background_color=\u00bbRGBA(255,255,255,0)\u00bb align=\u00bbcenter\u00bb][\/et_pb_image][\/et_pb_column][\/et_pb_row][\/et_pb_section]<\/p>\n","protected":false},"excerpt":{"rendered":"<p>Nos complace anunciar que, gracias a la colaboraci\u00f3n de nuestras familias, alumnos y personal del colegio, hemos recaudado un total de 3.686,45 \u20ac en la Campa\u00f1a del DOMUND 2024. Este generoso aporte ser\u00e1 destinado a apoyar las Obras Misionales Pontificias, contribuyendo al desarrollo de proyectos solidarios en todo el mundo. Desde el Colegio Salesiano M\u00aa [&hellip;]<\/p>\n","protected":false},"author":1,"featured_media":9143,"comment_status":"open","ping_status":"open","sticky":false,"template":"","format":"standard","meta":{"_et_pb_use_builder":"on","_et_pb_old_content":"","_et_gb_content_width":"","_joinchat":[],"footnotes":""},"categories":[35],"tags":[],"class_list":["post-9142","post","type-post","status-publish","format-standard","has-post-thumbnail","hentry","category-pastoral"],"yoast_head":"<!-- This site is optimized with the Yoast SEO plugin v28.4 - https:\/\/yoast.com\/product\/yoast-seo-wordpress\/ -->\n<title>\u00c9xito en la Campa\u00f1a del DOMUND: \u00a1Gracias por vuestra solidaridad! - Colegio Mar\u00eda Auxiliadora<\/title>\n<meta name=\"robots\" content=\"index, follow, max-snippet:-1, max-image-preview:large, max-video-preview:-1\" \/>\n<link rel=\"canonical\" href=\"https:\/\/salesianosmaux.es\/colegio\/2024\/11\/14\/exito-en-la-campana-del-domund-gracias-por-vuestra-solidaridad\/\" \/>\n<meta property=\"og:locale\" content=\"es_ES\" \/>\n<meta property=\"og:type\" content=\"article\" \/>\n<meta property=\"og:title\" content=\"\u00c9xito en la Campa\u00f1a del DOMUND: \u00a1Gracias por vuestra solidaridad! - Colegio Mar\u00eda Auxiliadora\" \/>\n<meta property=\"og:description\" content=\"Te puede interesar...\" \/>\n<meta property=\"og:url\" content=\"https:\/\/salesianosmaux.es\/colegio\/2024\/11\/14\/exito-en-la-campana-del-domund-gracias-por-vuestra-solidaridad\/\" \/>\n<meta property=\"og:site_name\" content=\"Colegio Mar\u00eda Auxiliadora\" \/>\n<meta property=\"article:published_time\" content=\"2024-11-14T20:55:15+00:00\" \/>\n<meta property=\"article:modified_time\" content=\"2026-08-31T07:40:23+00:00\" \/>\n<meta property=\"og:image\" content=\"https:\/\/salesianosmaux.es\/colegio\/wp-content\/uploads\/sites\/5\/2024\/11\/Salesianos_banner_domund_2024.png\" \/>\n\t<meta property=\"og:image:width\" content=\"592\" \/>\n\t<meta property=\"og:image:height\" content=\"382\" \/>\n\t<meta property=\"og:image:type\" content=\"image\/png\" \/>\n<meta name=\"author\" content=\"admin\" \/>\n<meta name=\"twitter:card\" content=\"summary_large_image\" \/>\n<meta name=\"twitter:label1\" content=\"Escrito por\" \/>\n\t<meta name=\"twitter:data1\" content=\"admin\" \/>\n\t<meta name=\"twitter:label2\" content=\"Tiempo de lectura\" \/>\n\t<meta name=\"twitter:data2\" content=\"1 minuto\" \/>\n<script type=\"application\/ld+json\" class=\"yoast-schema-graph\">{\"@context\":\"https:\\\/\\\/schema.org\",\"@graph\":[{\"@type\":\"Article\",\"@id\":\"https:\\\/\\\/salesianosmaux.es\\\/colegio\\\/2024\\\/11\\\/14\\\/exito-en-la-campana-del-domund-gracias-por-vuestra-solidaridad\\\/#article\",\"isPartOf\":{\"@id\":\"https:\\\/\\\/salesianosmaux.es\\\/colegio\\\/2024\\\/11\\\/14\\\/exito-en-la-campana-del-domund-gracias-por-vuestra-solidaridad\\\/\"},\"author\":{\"name\":\"admin\",\"@id\":\"https:\\\/\\\/salesianosmaux.es\\\/colegio\\\/#\\\/schema\\\/person\\\/9bd111fcfb5210d0fa466bfc8154b2f8\"},\"headline\":\"\u00c9xito en la Campa\u00f1a del DOMUND: \u00a1Gracias por vuestra solidaridad!\",\"datePublished\":\"2024-11-14T20:55:15+00:00\",\"dateModified\":\"2026-08-31T07:40:23+00:00\",\"mainEntityOfPage\":{\"@id\":\"https:\\\/\\\/salesianosmaux.es\\\/colegio\\\/2024\\\/11\\\/14\\\/exito-en-la-campana-del-domund-gracias-por-vuestra-solidaridad\\\/\"},\"wordCount\":378,\"commentCount\":0,\"image\":{\"@id\":\"https:\\\/\\\/salesianosmaux.es\\\/colegio\\\/2024\\\/11\\\/14\\\/exito-en-la-campana-del-domund-gracias-por-vuestra-solidaridad\\\/#primaryimage\"},\"thumbnailUrl\":\"https:\\\/\\\/salesianosmaux.es\\\/colegio\\\/wp-content\\\/uploads\\\/sites\\\/5\\\/2024\\\/11\\\/Salesianos_banner_domund_2024.png\",\"articleSection\":[\"Pastoral\"],\"inLanguage\":\"es\",\"potentialAction\":[{\"@type\":\"CommentAction\",\"name\":\"Comment\",\"target\":[\"https:\\\/\\\/salesianosmaux.es\\\/colegio\\\/2024\\\/11\\\/14\\\/exito-en-la-campana-del-domund-gracias-por-vuestra-solidaridad\\\/#respond\"]}]},{\"@type\":\"WebPage\",\"@id\":\"https:\\\/\\\/salesianosmaux.es\\\/colegio\\\/2024\\\/11\\\/14\\\/exito-en-la-campana-del-domund-gracias-por-vuestra-solidaridad\\\/\",\"url\":\"https:\\\/\\\/salesianosmaux.es\\\/colegio\\\/2024\\\/11\\\/14\\\/exito-en-la-campana-del-domund-gracias-por-vuestra-solidaridad\\\/\",\"name\":\"\u00c9xito en la Campa\u00f1a del DOMUND: \u00a1Gracias por vuestra solidaridad! - Colegio Mar\u00eda Auxiliadora\",\"isPartOf\":{\"@id\":\"https:\\\/\\\/salesianosmaux.es\\\/colegio\\\/#website\"},\"primaryImageOfPage\":{\"@id\":\"https:\\\/\\\/salesianosmaux.es\\\/colegio\\\/2024\\\/11\\\/14\\\/exito-en-la-campana-del-domund-gracias-por-vuestra-solidaridad\\\/#primaryimage\"},\"image\":{\"@id\":\"https:\\\/\\\/salesianosmaux.es\\\/colegio\\\/2024\\\/11\\\/14\\\/exito-en-la-campana-del-domund-gracias-por-vuestra-solidaridad\\\/#primaryimage\"},\"thumbnailUrl\":\"https:\\\/\\\/salesianosmaux.es\\\/colegio\\\/wp-content\\\/uploads\\\/sites\\\/5\\\/2024\\\/11\\\/Salesianos_banner_domund_2024.png\",\"datePublished\":\"2024-11-14T20:55:15+00:00\",\"dateModified\":\"2026-08-31T07:40:23+00:00\",\"author\":{\"@id\":\"https:\\\/\\\/salesianosmaux.es\\\/colegio\\\/#\\\/schema\\\/person\\\/9bd111fcfb5210d0fa466bfc8154b2f8\"},\"breadcrumb\":{\"@id\":\"https:\\\/\\\/salesianosmaux.es\\\/colegio\\\/2024\\\/11\\\/14\\\/exito-en-la-campana-del-domund-gracias-por-vuestra-solidaridad\\\/#breadcrumb\"},\"inLanguage\":\"es\",\"potentialAction\":[{\"@type\":\"ReadAction\",\"target\":[\"https:\\\/\\\/salesianosmaux.es\\\/colegio\\\/2024\\\/11\\\/14\\\/exito-en-la-campana-del-domund-gracias-por-vuestra-solidaridad\\\/\"]}]},{\"@type\":\"ImageObject\",\"inLanguage\":\"es\",\"@id\":\"https:\\\/\\\/salesianosmaux.es\\\/colegio\\\/2024\\\/11\\\/14\\\/exito-en-la-campana-del-domund-gracias-por-vuestra-solidaridad\\\/#primaryimage\",\"url\":\"https:\\\/\\\/salesianosmaux.es\\\/colegio\\\/wp-content\\\/uploads\\\/sites\\\/5\\\/2024\\\/11\\\/Salesianos_banner_domund_2024.png\",\"contentUrl\":\"https:\\\/\\\/salesianosmaux.es\\\/colegio\\\/wp-content\\\/uploads\\\/sites\\\/5\\\/2024\\\/11\\\/Salesianos_banner_domund_2024.png\",\"width\":592,\"height\":382},{\"@type\":\"BreadcrumbList\",\"@id\":\"https:\\\/\\\/salesianosmaux.es\\\/colegio\\\/2024\\\/11\\\/14\\\/exito-en-la-campana-del-domund-gracias-por-vuestra-solidaridad\\\/#breadcrumb\",\"itemListElement\":[{\"@type\":\"ListItem\",\"position\":1,\"name\":\"Portada\",\"item\":\"https:\\\/\\\/salesianosmaux.es\\\/colegio\\\/\"},{\"@type\":\"ListItem\",\"position\":2,\"name\":\"\u00c9xito en la Campa\u00f1a del DOMUND: \u00a1Gracias por vuestra solidaridad!\"}]},{\"@type\":\"WebSite\",\"@id\":\"https:\\\/\\\/salesianosmaux.es\\\/colegio\\\/#website\",\"url\":\"https:\\\/\\\/salesianosmaux.es\\\/colegio\\\/\",\"name\":\"Colegio Mar\u00eda Auxiliadora\",\"description\":\"Colegio Mar\u00eda Auxiliadora\",\"potentialAction\":[{\"@type\":\"SearchAction\",\"target\":{\"@type\":\"EntryPoint\",\"urlTemplate\":\"https:\\\/\\\/salesianosmaux.es\\\/colegio\\\/?s={search_term_string}\"},\"query-input\":{\"@type\":\"PropertyValueSpecification\",\"valueRequired\":true,\"valueName\":\"search_term_string\"}}],\"inLanguage\":\"es\"},{\"@type\":\"Person\",\"@id\":\"https:\\\/\\\/salesianosmaux.es\\\/colegio\\\/#\\\/schema\\\/person\\\/9bd111fcfb5210d0fa466bfc8154b2f8\",\"name\":\"admin\",\"image\":{\"@type\":\"ImageObject\",\"inLanguage\":\"es\",\"@id\":\"https:\\\/\\\/secure.gravatar.com\\\/avatar\\\/09550e5c75cc821753a661f1c7f497ea1bbe9e394289f33e436a29a7df762242?s=96&d=mm&r=g\",\"url\":\"https:\\\/\\\/secure.gravatar.com\\\/avatar\\\/09550e5c75cc821753a661f1c7f497ea1bbe9e394289f33e436a29a7df762242?s=96&d=mm&r=g\",\"contentUrl\":\"https:\\\/\\\/secure.gravatar.com\\\/avatar\\\/09550e5c75cc821753a661f1c7f497ea1bbe9e394289f33e436a29a7df762242?s=96&d=mm&r=g\",\"caption\":\"admin\"},\"sameAs\":[\"https:\\\/\\\/salesianosmaux.es\"],\"url\":\"https:\\\/\\\/salesianosmaux.es\\\/colegio\\\/author\\\/salamanca_95jmwv72\\\/\"}]}<\/script>\n<!-- \/ Yoast SEO plugin. -->","yoast_head_json":{"title":"\u00c9xito en la Campa\u00f1a del DOMUND: \u00a1Gracias por vuestra solidaridad! - Colegio Mar\u00eda Auxiliadora","robots":{"index":"index","follow":"follow","max-snippet":"max-snippet:-1","max-image-preview":"max-image-preview:large","max-video-preview":"max-video-preview:-1"},"canonical":"https:\/\/salesianosmaux.es\/colegio\/2024\/11\/14\/exito-en-la-campana-del-domund-gracias-por-vuestra-solidaridad\/","og_locale":"es_ES","og_type":"article","og_title":"\u00c9xito en la Campa\u00f1a del DOMUND: \u00a1Gracias por vuestra solidaridad! - Colegio Mar\u00eda Auxiliadora","og_description":"Te puede interesar...","og_url":"https:\/\/salesianosmaux.es\/colegio\/2024\/11\/14\/exito-en-la-campana-del-domund-gracias-por-vuestra-solidaridad\/","og_site_name":"Colegio Mar\u00eda Auxiliadora","article_published_time":"2024-11-14T20:55:15+00:00","article_modified_time":"2026-08-31T07:40:23+00:00","og_image":[{"width":592,"height":382,"url":"https:\/\/salesianosmaux.es\/colegio\/wp-content\/uploads\/sites\/5\/2024\/11\/Salesianos_banner_domund_2024.png","type":"image\/png"}],"author":"admin","twitter_card":"summary_large_image","twitter_misc":{"Escrito por":"admin","Tiempo de lectura":"1 minuto"},"schema":{"@context":"https:\/\/schema.org","@graph":[{"@type":"Article","@id":"https:\/\/salesianosmaux.es\/colegio\/2024\/11\/14\/exito-en-la-campana-del-domund-gracias-por-vuestra-solidaridad\/#article","isPartOf":{"@id":"https:\/\/salesianosmaux.es\/colegio\/2024\/11\/14\/exito-en-la-campana-del-domund-gracias-por-vuestra-solidaridad\/"},"author":{"name":"admin","@id":"https:\/\/salesianosmaux.es\/colegio\/#\/schema\/person\/9bd111fcfb5210d0fa466bfc8154b2f8"},"headline":"\u00c9xito en la Campa\u00f1a del DOMUND: \u00a1Gracias por vuestra solidaridad!","datePublished":"2024-11-14T20:55:15+00:00","dateModified":"2026-08-31T07:40:23+00:00","mainEntityOfPage":{"@id":"https:\/\/salesianosmaux.es\/colegio\/2024\/11\/14\/exito-en-la-campana-del-domund-gracias-por-vuestra-solidaridad\/"},"wordCount":378,"commentCount":0,"image":{"@id":"https:\/\/salesianosmaux.es\/colegio\/2024\/11\/14\/exito-en-la-campana-del-domund-gracias-por-vuestra-solidaridad\/#primaryimage"},"thumbnailUrl":"https:\/\/salesianosmaux.es\/colegio\/wp-content\/uploads\/sites\/5\/2024\/11\/Salesianos_banner_domund_2024.png","articleSection":["Pastoral"],"inLanguage":"es","potentialAction":[{"@type":"CommentAction","name":"Comment","target":["https:\/\/salesianosmaux.es\/colegio\/2024\/11\/14\/exito-en-la-campana-del-domund-gracias-por-vuestra-solidaridad\/#respond"]}]},{"@type":"WebPage","@id":"https:\/\/salesianosmaux.es\/colegio\/2024\/11\/14\/exito-en-la-campana-del-domund-gracias-por-vuestra-solidaridad\/","url":"https:\/\/salesianosmaux.es\/colegio\/2024\/11\/14\/exito-en-la-campana-del-domund-gracias-por-vuestra-solidaridad\/","name":"\u00c9xito en la Campa\u00f1a del DOMUND: \u00a1Gracias por vuestra solidaridad! - Colegio Mar\u00eda Auxiliadora","isPartOf":{"@id":"https:\/\/salesianosmaux.es\/colegio\/#website"},"primaryImageOfPage":{"@id":"https:\/\/salesianosmaux.es\/colegio\/2024\/11\/14\/exito-en-la-campana-del-domund-gracias-por-vuestra-solidaridad\/#primaryimage"},"image":{"@id":"https:\/\/salesianosmaux.es\/colegio\/2024\/11\/14\/exito-en-la-campana-del-domund-gracias-por-vuestra-solidaridad\/#primaryimage"},"thumbnailUrl":"https:\/\/salesianosmaux.es\/colegio\/wp-content\/uploads\/sites\/5\/2024\/11\/Salesianos_banner_domund_2024.png","datePublished":"2024-11-14T20:55:15+00:00","dateModified":"2026-08-31T07:40:23+00:00","author":{"@id":"https:\/\/salesianosmaux.es\/colegio\/#\/schema\/person\/9bd111fcfb5210d0fa466bfc8154b2f8"},"breadcrumb":{"@id":"https:\/\/salesianosmaux.es\/colegio\/2024\/11\/14\/exito-en-la-campana-del-domund-gracias-por-vuestra-solidaridad\/#breadcrumb"},"inLanguage":"es","potentialAction":[{"@type":"ReadAction","target":["https:\/\/salesianosmaux.es\/colegio\/2024\/11\/14\/exito-en-la-campana-del-domund-gracias-por-vuestra-solidaridad\/"]}]},{"@type":"ImageObject","inLanguage":"es","@id":"https:\/\/salesianosmaux.es\/colegio\/2024\/11\/14\/exito-en-la-campana-del-domund-gracias-por-vuestra-solidaridad\/#primaryimage","url":"https:\/\/salesianosmaux.es\/colegio\/wp-content\/uploads\/sites\/5\/2024\/11\/Salesianos_banner_domund_2024.png","contentUrl":"https:\/\/salesianosmaux.es\/colegio\/wp-content\/uploads\/sites\/5\/2024\/11\/Salesianos_banner_domund_2024.png","width":592,"height":382},{"@type":"BreadcrumbList","@id":"https:\/\/salesianosmaux.es\/colegio\/2024\/11\/14\/exito-en-la-campana-del-domund-gracias-por-vuestra-solidaridad\/#breadcrumb","itemListElement":[{"@type":"ListItem","position":1,"name":"Portada","item":"https:\/\/salesianosmaux.es\/colegio\/"},{"@type":"ListItem","position":2,"name":"\u00c9xito en la Campa\u00f1a del DOMUND: \u00a1Gracias por vuestra solidaridad!"}]},{"@type":"WebSite","@id":"https:\/\/salesianosmaux.es\/colegio\/#website","url":"https:\/\/salesianosmaux.es\/colegio\/","name":"Colegio Mar\u00eda Auxiliadora","description":"Colegio Mar\u00eda Auxiliadora","potentialAction":[{"@type":"SearchAction","target":{"@type":"EntryPoint","urlTemplate":"https:\/\/salesianosmaux.es\/colegio\/?s={search_term_string}"},"query-input":{"@type":"PropertyValueSpecification","valueRequired":true,"valueName":"search_term_string"}}],"inLanguage":"es"},{"@type":"Person","@id":"https:\/\/salesianosmaux.es\/colegio\/#\/schema\/person\/9bd111fcfb5210d0fa466bfc8154b2f8","name":"admin","image":{"@type":"ImageObject","inLanguage":"es","@id":"https:\/\/secure.gravatar.com\/avatar\/09550e5c75cc821753a661f1c7f497ea1bbe9e394289f33e436a29a7df762242?s=96&d=mm&r=g","url":"https:\/\/secure.gravatar.com\/avatar\/09550e5c75cc821753a661f1c7f497ea1bbe9e394289f33e436a29a7df762242?s=96&d=mm&r=g","contentUrl":"https:\/\/secure.gravatar.com\/avatar\/09550e5c75cc821753a661f1c7f497ea1bbe9e394289f33e436a29a7df762242?s=96&d=mm&r=g","caption":"admin"},"sameAs":["https:\/\/salesianosmaux.es"],"url":"https:\/\/salesianosmaux.es\/colegio\/author\/salamanca_95jmwv72\/"}]}},"_links":{"self":[{"href":"https:\/\/salesianosmaux.es\/colegio\/wp-json\/wp\/v2\/posts\/9142","targetHints":{"allow":["GET"]}}],"collection":[{"href":"https:\/\/salesianosmaux.es\/colegio\/wp-json\/wp\/v2\/posts"}],"about":[{"href":"https:\/\/salesianosmaux.es\/colegio\/wp-json\/wp\/v2\/types\/post"}],"author":[{"embeddable":true,"href":"https:\/\/salesianosmaux.es\/colegio\/wp-json\/wp\/v2\/users\/1"}],"replies":[{"embeddable":true,"href":"https:\/\/salesianosmaux.es\/colegio\/wp-json\/wp\/v2\/comments?post=9142"}],"version-history":[{"count":2,"href":"https:\/\/salesianosmaux.es\/colegio\/wp-json\/wp\/v2\/posts\/9142\/revisions"}],"predecessor-version":[{"id":9148,"href":"https:\/\/salesianosmaux.es\/colegio\/wp-json\/wp\/v2\/posts\/9142\/revisions\/9148"}],"wp:featuredmedia":[{"embeddable":true,"href":"https:\/\/salesianosmaux.es\/colegio\/wp-json\/wp\/v2\/media\/9143"}],"wp:attachment":[{"href":"https:\/\/salesianosmaux.es\/colegio\/wp-json\/wp\/v2\/media?parent=9142"}],"wp:term":[{"taxonomy":"category","embeddable":true,"href":"https:\/\/salesianosmaux.es\/colegio\/wp-json\/wp\/v2\/categories?post=9142"},{"taxonomy":"post_tag","embeddable":true,"href":"https:\/\/salesianosmaux.es\/colegio\/wp-json\/wp\/v2\/tags?post=9142"}],"curies":[{"name":"wp","href":"https:\/\/api.w.org\/{rel}","templated":true}]}}