{"id":9159,"date":"2024-12-01T16:05:24","date_gmt":"2024-12-01T16:05:24","guid":{"rendered":"https:\/\/salesianosmaux.es\/colegio\/?p=9159"},"modified":"2026-08-31T07:40:23","modified_gmt":"2026-08-31T07:40:23","slug":"navidad-solidaria-operacion-kilo","status":"publish","type":"post","link":"https:\/\/salesianosmaux.es\/colegio\/2024\/12\/01\/navidad-solidaria-operacion-kilo\/","title":{"rendered":"Navidad solidaria &#8211; Operaci\u00f3n kilo"},"content":{"rendered":"<p>[et_pb_section fb_built=\u00bb1&#8243; theme_builder_area=\u00bbpost_content\u00bb _builder_version=\u00bb4.27.3&#8243; _module_preset=\u00bbdefault\u00bb][et_pb_row _builder_version=\u00bb4.27.3&#8243; _module_preset=\u00bbdefault\u00bb theme_builder_area=\u00bbpost_content\u00bb][et_pb_column _builder_version=\u00bb4.27.3&#8243; _module_preset=\u00bbdefault\u00bb type=\u00bb4_4&#8243; theme_builder_area=\u00bbpost_content\u00bb][et_pb_text _builder_version=\u00bb4.27.3&#8243; _module_preset=\u00bbdefault\u00bb theme_builder_area=\u00bbpost_content\u00bb hover_enabled=\u00bb0&#8243; sticky_enabled=\u00bb0&#8243;]<\/p>\n<p>Con la cercan\u00eda de la Navidad, desde el <strong>Colegio Salesiano Mar\u00eda Auxiliadora<\/strong> nos unimos una vez m\u00e1s para lanzar nuestra tradicional <strong>Operaci\u00f3n Kilo<\/strong>, una iniciativa solidaria que refleja el esp\u00edritu de comunidad y ayuda mutua que nos caracteriza.<\/p>\n<p>Este a\u00f1o, colaboramos con dos instituciones que desempe\u00f1an una labor esencial en Salamanca: <strong>Proyecto Hombre-Salamanca<\/strong> y el <strong>Centro Materno Infantil Ave Mar\u00eda<\/strong>. Desde las diferentes etapas educativas de nuestro colegio, desde Infantil hasta Bachillerato, nos sumamos para responder a sus necesidades m\u00e1s urgentes.<\/p>\n<h3><strong>Productos solicitados seg\u00fan cursos:<\/strong><\/h3>\n<ul>\n<li>\n<p><strong>Centro Materno Infantil Ave Mar\u00eda:<\/strong><\/p>\n<ul>\n<li>Leche normal, aceite de girasol, jab\u00f3n y lej\u00eda de lavadora, jab\u00f3n para platos, crema de beb\u00e9 y productos navide\u00f1os.<\/li>\n<li><strong>Colaboran:<\/strong> Infantil (1.\u00ba y 2.\u00ba ciclo), 1.\u00ba, 2.\u00ba y 3.\u00ba de Primaria, y Bachillerato.<\/li>\n<\/ul>\n<\/li>\n<li>\n<p><strong>Proyecto Hombre-Salamanca:<\/strong><\/p>\n<ul>\n<li>Caf\u00e9, aceite de oliva, aceite de girasol y az\u00facar.<\/li>\n<li><strong>Colaboran:<\/strong> 4.\u00ba, 5.\u00ba y 6.\u00ba de Primaria, y ESO.<\/li>\n<\/ul>\n<\/li>\n<\/ul>\n<h3><strong>Fechas y participaci\u00f3n:<\/strong><\/h3>\n<p>La recogida de productos se realizar\u00e1 hasta el <strong>viernes 13 de diciembre<\/strong>. Ese mismo d\u00eda, invitamos a todas las familias a participar activamente en la entrega de las donaciones:<\/p>\n<ul>\n<li>A las <strong>16:00 h<\/strong>, quedaremos en el colegio para cargar los productos y trasladarlos al centro de <strong>Proyecto Hombre-Salamanca<\/strong>. El port\u00f3n del colegio estar\u00e1 abierto para facilitar el acceso.<\/li>\n<li>Por la ma\u00f1ana, los alumnos de <strong>1.\u00ba de Bachillerato<\/strong> llevar\u00e1n los productos recolectados al <strong>Centro Materno Infantil Ave Mar\u00eda<\/strong>, donde podr\u00e1n escuchar testimonios de las madres y sus hijos, reflexionando sobre la importancia de la solidaridad.<\/li>\n<\/ul>\n<h3><strong>Un futuro lleno de esperanza<\/strong><\/h3>\n<p>Esta actividad no solo fomenta la solidaridad, sino que tambi\u00e9n tiene un enorme <strong>valor educativo<\/strong>. Acompa\u00f1ar a vuestros hijos en esta experiencia es una oportunidad para construir juntos un futuro lleno de esperanza y empat\u00eda.<\/p>\n<p>Os esperamos el <strong>viernes 13 de diciembre<\/strong> para compartir este momento tan significativo.<\/p>\n<p>[\/et_pb_text][\/et_pb_column][\/et_pb_row][\/et_pb_section]<\/p>\n","protected":false},"excerpt":{"rendered":"<p>Con la cercan\u00eda de la Navidad, desde el Colegio Salesiano Mar\u00eda Auxiliadora nos unimos una vez m\u00e1s para lanzar nuestra tradicional Operaci\u00f3n Kilo, una iniciativa solidaria que refleja el esp\u00edritu de comunidad y ayuda mutua que nos caracteriza. Este a\u00f1o, colaboramos con dos instituciones que desempe\u00f1an una labor esencial en Salamanca: Proyecto Hombre-Salamanca y el [&hellip;]<\/p>\n","protected":false},"author":1,"featured_media":9165,"comment_status":"open","ping_status":"open","sticky":false,"template":"","format":"standard","meta":{"_et_pb_use_builder":"on","_et_pb_old_content":"","_et_gb_content_width":"","_joinchat":[],"footnotes":""},"categories":[35],"tags":[],"class_list":["post-9159","post","type-post","status-publish","format-standard","has-post-thumbnail","hentry","category-pastoral"],"yoast_head":"<!-- This site is optimized with the Yoast SEO plugin v28.4 - https:\/\/yoast.com\/product\/yoast-seo-wordpress\/ -->\n<title>Navidad solidaria - Operaci\u00f3n kilo - Colegio Mar\u00eda Auxiliadora<\/title>\n<meta name=\"robots\" content=\"index, follow, max-snippet:-1, max-image-preview:large, max-video-preview:-1\" \/>\n<link rel=\"canonical\" href=\"https:\/\/salesianosmaux.es\/colegio\/2024\/12\/01\/navidad-solidaria-operacion-kilo\/\" \/>\n<meta property=\"og:locale\" content=\"es_ES\" \/>\n<meta property=\"og:type\" content=\"article\" \/>\n<meta property=\"og:title\" content=\"Navidad solidaria - Operaci\u00f3n kilo - Colegio Mar\u00eda Auxiliadora\" \/>\n<meta property=\"og:description\" content=\"Te puede interesar...\" \/>\n<meta property=\"og:url\" content=\"https:\/\/salesianosmaux.es\/colegio\/2024\/12\/01\/navidad-solidaria-operacion-kilo\/\" \/>\n<meta property=\"og:site_name\" content=\"Colegio Mar\u00eda Auxiliadora\" \/>\n<meta property=\"article:published_time\" content=\"2024-12-01T16:05:24+00:00\" \/>\n<meta property=\"article:modified_time\" content=\"2026-08-31T07:40:23+00:00\" \/>\n<meta property=\"og:image\" content=\"https:\/\/salesianosmaux.es\/colegio\/wp-content\/uploads\/sites\/5\/2024\/12\/Salesianos_Operacion_kilo_2024.jpg\" \/>\n\t<meta property=\"og:image:width\" content=\"1920\" \/>\n\t<meta property=\"og:image:height\" content=\"1080\" \/>\n\t<meta property=\"og:image:type\" content=\"image\/jpeg\" \/>\n<meta name=\"author\" content=\"admin\" \/>\n<meta name=\"twitter:card\" content=\"summary_large_image\" \/>\n<meta name=\"twitter:label1\" content=\"Escrito por\" \/>\n\t<meta name=\"twitter:data1\" content=\"admin\" \/>\n\t<meta name=\"twitter:label2\" content=\"Tiempo de lectura\" \/>\n\t<meta name=\"twitter:data2\" content=\"1 minuto\" \/>\n<script type=\"application\/ld+json\" class=\"yoast-schema-graph\">{\"@context\":\"https:\\\/\\\/schema.org\",\"@graph\":[{\"@type\":\"Article\",\"@id\":\"https:\\\/\\\/salesianosmaux.es\\\/colegio\\\/2024\\\/12\\\/01\\\/navidad-solidaria-operacion-kilo\\\/#article\",\"isPartOf\":{\"@id\":\"https:\\\/\\\/salesianosmaux.es\\\/colegio\\\/2024\\\/12\\\/01\\\/navidad-solidaria-operacion-kilo\\\/\"},\"author\":{\"name\":\"admin\",\"@id\":\"https:\\\/\\\/salesianosmaux.es\\\/colegio\\\/#\\\/schema\\\/person\\\/9bd111fcfb5210d0fa466bfc8154b2f8\"},\"headline\":\"Navidad solidaria &#8211; Operaci\u00f3n kilo\",\"datePublished\":\"2024-12-01T16:05:24+00:00\",\"dateModified\":\"2026-08-31T07:40:23+00:00\",\"mainEntityOfPage\":{\"@id\":\"https:\\\/\\\/salesianosmaux.es\\\/colegio\\\/2024\\\/12\\\/01\\\/navidad-solidaria-operacion-kilo\\\/\"},\"wordCount\":384,\"commentCount\":0,\"image\":{\"@id\":\"https:\\\/\\\/salesianosmaux.es\\\/colegio\\\/2024\\\/12\\\/01\\\/navidad-solidaria-operacion-kilo\\\/#primaryimage\"},\"thumbnailUrl\":\"https:\\\/\\\/salesianosmaux.es\\\/colegio\\\/wp-content\\\/uploads\\\/sites\\\/5\\\/2024\\\/12\\\/Salesianos_Operacion_kilo_2024.jpg\",\"articleSection\":[\"Pastoral\"],\"inLanguage\":\"es\",\"potentialAction\":[{\"@type\":\"CommentAction\",\"name\":\"Comment\",\"target\":[\"https:\\\/\\\/salesianosmaux.es\\\/colegio\\\/2024\\\/12\\\/01\\\/navidad-solidaria-operacion-kilo\\\/#respond\"]}]},{\"@type\":\"WebPage\",\"@id\":\"https:\\\/\\\/salesianosmaux.es\\\/colegio\\\/2024\\\/12\\\/01\\\/navidad-solidaria-operacion-kilo\\\/\",\"url\":\"https:\\\/\\\/salesianosmaux.es\\\/colegio\\\/2024\\\/12\\\/01\\\/navidad-solidaria-operacion-kilo\\\/\",\"name\":\"Navidad solidaria - Operaci\u00f3n kilo - Colegio Mar\u00eda Auxiliadora\",\"isPartOf\":{\"@id\":\"https:\\\/\\\/salesianosmaux.es\\\/colegio\\\/#website\"},\"primaryImageOfPage\":{\"@id\":\"https:\\\/\\\/salesianosmaux.es\\\/colegio\\\/2024\\\/12\\\/01\\\/navidad-solidaria-operacion-kilo\\\/#primaryimage\"},\"image\":{\"@id\":\"https:\\\/\\\/salesianosmaux.es\\\/colegio\\\/2024\\\/12\\\/01\\\/navidad-solidaria-operacion-kilo\\\/#primaryimage\"},\"thumbnailUrl\":\"https:\\\/\\\/salesianosmaux.es\\\/colegio\\\/wp-content\\\/uploads\\\/sites\\\/5\\\/2024\\\/12\\\/Salesianos_Operacion_kilo_2024.jpg\",\"datePublished\":\"2024-12-01T16:05:24+00:00\",\"dateModified\":\"2026-08-31T07:40:23+00:00\",\"author\":{\"@id\":\"https:\\\/\\\/salesianosmaux.es\\\/colegio\\\/#\\\/schema\\\/person\\\/9bd111fcfb5210d0fa466bfc8154b2f8\"},\"breadcrumb\":{\"@id\":\"https:\\\/\\\/salesianosmaux.es\\\/colegio\\\/2024\\\/12\\\/01\\\/navidad-solidaria-operacion-kilo\\\/#breadcrumb\"},\"inLanguage\":\"es\",\"potentialAction\":[{\"@type\":\"ReadAction\",\"target\":[\"https:\\\/\\\/salesianosmaux.es\\\/colegio\\\/2024\\\/12\\\/01\\\/navidad-solidaria-operacion-kilo\\\/\"]}]},{\"@type\":\"ImageObject\",\"inLanguage\":\"es\",\"@id\":\"https:\\\/\\\/salesianosmaux.es\\\/colegio\\\/2024\\\/12\\\/01\\\/navidad-solidaria-operacion-kilo\\\/#primaryimage\",\"url\":\"https:\\\/\\\/salesianosmaux.es\\\/colegio\\\/wp-content\\\/uploads\\\/sites\\\/5\\\/2024\\\/12\\\/Salesianos_Operacion_kilo_2024.jpg\",\"contentUrl\":\"https:\\\/\\\/salesianosmaux.es\\\/colegio\\\/wp-content\\\/uploads\\\/sites\\\/5\\\/2024\\\/12\\\/Salesianos_Operacion_kilo_2024.jpg\",\"width\":1920,\"height\":1080},{\"@type\":\"BreadcrumbList\",\"@id\":\"https:\\\/\\\/salesianosmaux.es\\\/colegio\\\/2024\\\/12\\\/01\\\/navidad-solidaria-operacion-kilo\\\/#breadcrumb\",\"itemListElement\":[{\"@type\":\"ListItem\",\"position\":1,\"name\":\"Portada\",\"item\":\"https:\\\/\\\/salesianosmaux.es\\\/colegio\\\/\"},{\"@type\":\"ListItem\",\"position\":2,\"name\":\"Navidad solidaria &#8211; Operaci\u00f3n kilo\"}]},{\"@type\":\"WebSite\",\"@id\":\"https:\\\/\\\/salesianosmaux.es\\\/colegio\\\/#website\",\"url\":\"https:\\\/\\\/salesianosmaux.es\\\/colegio\\\/\",\"name\":\"Colegio Mar\u00eda Auxiliadora\",\"description\":\"Colegio Mar\u00eda Auxiliadora\",\"potentialAction\":[{\"@type\":\"SearchAction\",\"target\":{\"@type\":\"EntryPoint\",\"urlTemplate\":\"https:\\\/\\\/salesianosmaux.es\\\/colegio\\\/?s={search_term_string}\"},\"query-input\":{\"@type\":\"PropertyValueSpecification\",\"valueRequired\":true,\"valueName\":\"search_term_string\"}}],\"inLanguage\":\"es\"},{\"@type\":\"Person\",\"@id\":\"https:\\\/\\\/salesianosmaux.es\\\/colegio\\\/#\\\/schema\\\/person\\\/9bd111fcfb5210d0fa466bfc8154b2f8\",\"name\":\"admin\",\"image\":{\"@type\":\"ImageObject\",\"inLanguage\":\"es\",\"@id\":\"https:\\\/\\\/secure.gravatar.com\\\/avatar\\\/09550e5c75cc821753a661f1c7f497ea1bbe9e394289f33e436a29a7df762242?s=96&d=mm&r=g\",\"url\":\"https:\\\/\\\/secure.gravatar.com\\\/avatar\\\/09550e5c75cc821753a661f1c7f497ea1bbe9e394289f33e436a29a7df762242?s=96&d=mm&r=g\",\"contentUrl\":\"https:\\\/\\\/secure.gravatar.com\\\/avatar\\\/09550e5c75cc821753a661f1c7f497ea1bbe9e394289f33e436a29a7df762242?s=96&d=mm&r=g\",\"caption\":\"admin\"},\"sameAs\":[\"https:\\\/\\\/salesianosmaux.es\"],\"url\":\"https:\\\/\\\/salesianosmaux.es\\\/colegio\\\/author\\\/salamanca_95jmwv72\\\/\"}]}<\/script>\n<!-- \/ Yoast SEO plugin. -->","yoast_head_json":{"title":"Navidad solidaria - Operaci\u00f3n kilo - Colegio Mar\u00eda Auxiliadora","robots":{"index":"index","follow":"follow","max-snippet":"max-snippet:-1","max-image-preview":"max-image-preview:large","max-video-preview":"max-video-preview:-1"},"canonical":"https:\/\/salesianosmaux.es\/colegio\/2024\/12\/01\/navidad-solidaria-operacion-kilo\/","og_locale":"es_ES","og_type":"article","og_title":"Navidad solidaria - Operaci\u00f3n kilo - Colegio Mar\u00eda Auxiliadora","og_description":"Te puede interesar...","og_url":"https:\/\/salesianosmaux.es\/colegio\/2024\/12\/01\/navidad-solidaria-operacion-kilo\/","og_site_name":"Colegio Mar\u00eda Auxiliadora","article_published_time":"2024-12-01T16:05:24+00:00","article_modified_time":"2026-08-31T07:40:23+00:00","og_image":[{"width":1920,"height":1080,"url":"https:\/\/salesianosmaux.es\/colegio\/wp-content\/uploads\/sites\/5\/2024\/12\/Salesianos_Operacion_kilo_2024.jpg","type":"image\/jpeg"}],"author":"admin","twitter_card":"summary_large_image","twitter_misc":{"Escrito por":"admin","Tiempo de lectura":"1 minuto"},"schema":{"@context":"https:\/\/schema.org","@graph":[{"@type":"Article","@id":"https:\/\/salesianosmaux.es\/colegio\/2024\/12\/01\/navidad-solidaria-operacion-kilo\/#article","isPartOf":{"@id":"https:\/\/salesianosmaux.es\/colegio\/2024\/12\/01\/navidad-solidaria-operacion-kilo\/"},"author":{"name":"admin","@id":"https:\/\/salesianosmaux.es\/colegio\/#\/schema\/person\/9bd111fcfb5210d0fa466bfc8154b2f8"},"headline":"Navidad solidaria &#8211; Operaci\u00f3n kilo","datePublished":"2024-12-01T16:05:24+00:00","dateModified":"2026-08-31T07:40:23+00:00","mainEntityOfPage":{"@id":"https:\/\/salesianosmaux.es\/colegio\/2024\/12\/01\/navidad-solidaria-operacion-kilo\/"},"wordCount":384,"commentCount":0,"image":{"@id":"https:\/\/salesianosmaux.es\/colegio\/2024\/12\/01\/navidad-solidaria-operacion-kilo\/#primaryimage"},"thumbnailUrl":"https:\/\/salesianosmaux.es\/colegio\/wp-content\/uploads\/sites\/5\/2024\/12\/Salesianos_Operacion_kilo_2024.jpg","articleSection":["Pastoral"],"inLanguage":"es","potentialAction":[{"@type":"CommentAction","name":"Comment","target":["https:\/\/salesianosmaux.es\/colegio\/2024\/12\/01\/navidad-solidaria-operacion-kilo\/#respond"]}]},{"@type":"WebPage","@id":"https:\/\/salesianosmaux.es\/colegio\/2024\/12\/01\/navidad-solidaria-operacion-kilo\/","url":"https:\/\/salesianosmaux.es\/colegio\/2024\/12\/01\/navidad-solidaria-operacion-kilo\/","name":"Navidad solidaria - Operaci\u00f3n kilo - Colegio Mar\u00eda Auxiliadora","isPartOf":{"@id":"https:\/\/salesianosmaux.es\/colegio\/#website"},"primaryImageOfPage":{"@id":"https:\/\/salesianosmaux.es\/colegio\/2024\/12\/01\/navidad-solidaria-operacion-kilo\/#primaryimage"},"image":{"@id":"https:\/\/salesianosmaux.es\/colegio\/2024\/12\/01\/navidad-solidaria-operacion-kilo\/#primaryimage"},"thumbnailUrl":"https:\/\/salesianosmaux.es\/colegio\/wp-content\/uploads\/sites\/5\/2024\/12\/Salesianos_Operacion_kilo_2024.jpg","datePublished":"2024-12-01T16:05:24+00:00","dateModified":"2026-08-31T07:40:23+00:00","author":{"@id":"https:\/\/salesianosmaux.es\/colegio\/#\/schema\/person\/9bd111fcfb5210d0fa466bfc8154b2f8"},"breadcrumb":{"@id":"https:\/\/salesianosmaux.es\/colegio\/2024\/12\/01\/navidad-solidaria-operacion-kilo\/#breadcrumb"},"inLanguage":"es","potentialAction":[{"@type":"ReadAction","target":["https:\/\/salesianosmaux.es\/colegio\/2024\/12\/01\/navidad-solidaria-operacion-kilo\/"]}]},{"@type":"ImageObject","inLanguage":"es","@id":"https:\/\/salesianosmaux.es\/colegio\/2024\/12\/01\/navidad-solidaria-operacion-kilo\/#primaryimage","url":"https:\/\/salesianosmaux.es\/colegio\/wp-content\/uploads\/sites\/5\/2024\/12\/Salesianos_Operacion_kilo_2024.jpg","contentUrl":"https:\/\/salesianosmaux.es\/colegio\/wp-content\/uploads\/sites\/5\/2024\/12\/Salesianos_Operacion_kilo_2024.jpg","width":1920,"height":1080},{"@type":"BreadcrumbList","@id":"https:\/\/salesianosmaux.es\/colegio\/2024\/12\/01\/navidad-solidaria-operacion-kilo\/#breadcrumb","itemListElement":[{"@type":"ListItem","position":1,"name":"Portada","item":"https:\/\/salesianosmaux.es\/colegio\/"},{"@type":"ListItem","position":2,"name":"Navidad solidaria &#8211; Operaci\u00f3n kilo"}]},{"@type":"WebSite","@id":"https:\/\/salesianosmaux.es\/colegio\/#website","url":"https:\/\/salesianosmaux.es\/colegio\/","name":"Colegio Mar\u00eda Auxiliadora","description":"Colegio Mar\u00eda Auxiliadora","potentialAction":[{"@type":"SearchAction","target":{"@type":"EntryPoint","urlTemplate":"https:\/\/salesianosmaux.es\/colegio\/?s={search_term_string}"},"query-input":{"@type":"PropertyValueSpecification","valueRequired":true,"valueName":"search_term_string"}}],"inLanguage":"es"},{"@type":"Person","@id":"https:\/\/salesianosmaux.es\/colegio\/#\/schema\/person\/9bd111fcfb5210d0fa466bfc8154b2f8","name":"admin","image":{"@type":"ImageObject","inLanguage":"es","@id":"https:\/\/secure.gravatar.com\/avatar\/09550e5c75cc821753a661f1c7f497ea1bbe9e394289f33e436a29a7df762242?s=96&d=mm&r=g","url":"https:\/\/secure.gravatar.com\/avatar\/09550e5c75cc821753a661f1c7f497ea1bbe9e394289f33e436a29a7df762242?s=96&d=mm&r=g","contentUrl":"https:\/\/secure.gravatar.com\/avatar\/09550e5c75cc821753a661f1c7f497ea1bbe9e394289f33e436a29a7df762242?s=96&d=mm&r=g","caption":"admin"},"sameAs":["https:\/\/salesianosmaux.es"],"url":"https:\/\/salesianosmaux.es\/colegio\/author\/salamanca_95jmwv72\/"}]}},"_links":{"self":[{"href":"https:\/\/salesianosmaux.es\/colegio\/wp-json\/wp\/v2\/posts\/9159","targetHints":{"allow":["GET"]}}],"collection":[{"href":"https:\/\/salesianosmaux.es\/colegio\/wp-json\/wp\/v2\/posts"}],"about":[{"href":"https:\/\/salesianosmaux.es\/colegio\/wp-json\/wp\/v2\/types\/post"}],"author":[{"embeddable":true,"href":"https:\/\/salesianosmaux.es\/colegio\/wp-json\/wp\/v2\/users\/1"}],"replies":[{"embeddable":true,"href":"https:\/\/salesianosmaux.es\/colegio\/wp-json\/wp\/v2\/comments?post=9159"}],"version-history":[{"count":3,"href":"https:\/\/salesianosmaux.es\/colegio\/wp-json\/wp\/v2\/posts\/9159\/revisions"}],"predecessor-version":[{"id":9167,"href":"https:\/\/salesianosmaux.es\/colegio\/wp-json\/wp\/v2\/posts\/9159\/revisions\/9167"}],"wp:featuredmedia":[{"embeddable":true,"href":"https:\/\/salesianosmaux.es\/colegio\/wp-json\/wp\/v2\/media\/9165"}],"wp:attachment":[{"href":"https:\/\/salesianosmaux.es\/colegio\/wp-json\/wp\/v2\/media?parent=9159"}],"wp:term":[{"taxonomy":"category","embeddable":true,"href":"https:\/\/salesianosmaux.es\/colegio\/wp-json\/wp\/v2\/categories?post=9159"},{"taxonomy":"post_tag","embeddable":true,"href":"https:\/\/salesianosmaux.es\/colegio\/wp-json\/wp\/v2\/tags?post=9159"}],"curies":[{"name":"wp","href":"https:\/\/api.w.org\/{rel}","templated":true}]}}