{"id":9178,"date":"2024-10-29T17:20:00","date_gmt":"2024-10-29T17:20:00","guid":{"rendered":"https:\/\/salesianosmaux.es\/colegio\/?p=9178"},"modified":"2026-08-31T07:40:23","modified_gmt":"2026-08-31T07:40:23","slug":"formacion-a-familias-sobre-el-uso-del-ipad","status":"publish","type":"post","link":"https:\/\/salesianosmaux.es\/colegio\/2024\/10\/29\/formacion-a-familias-sobre-el-uso-del-ipad\/","title":{"rendered":"Formaci\u00f3n a familias sobre el uso del iPad"},"content":{"rendered":"\n[et_pb_section fb_built=\u00bb1&#8243; theme_builder_area=\u00bbpost_content\u00bb _builder_version=\u00bb4.27.3&#8243; _module_preset=\u00bbdefault\u00bb][et_pb_row _builder_version=\u00bb4.27.3&#8243; _module_preset=\u00bbdefault\u00bb theme_builder_area=\u00bbpost_content\u00bb column_structure=\u00bb3_5,2_5&#8243;][et_pb_column _builder_version=\u00bb4.27.3&#8243; _module_preset=\u00bbdefault\u00bb type=\u00bb3_5&#8243; theme_builder_area=\u00bbpost_content\u00bb][et_pb_text _builder_version=\u00bb4.27.3&#8243; _module_preset=\u00bbdefault\u00bb theme_builder_area=\u00bbpost_content\u00bb hover_enabled=\u00bb0&#8243; sticky_enabled=\u00bb0&#8243;]<p>En el colegio hemos iniciado el programa <strong>iPad 1:1<\/strong> en 5.\u00ba de Primaria, cada alumno tiene un iPad para enriquecer su experiencia educativa. Para garantizar un uso adecuado de esta herramienta, se ha organizado una reuni\u00f3n formativa dirigida a las familias de estos alumnos.<\/p>\n<p>Durante el encuentro, se abordaron temas clave como la supervisi\u00f3n del tiempo de pantalla, la selecci\u00f3n de contenidos apropiados y la importancia de establecer normas claras para el uso de dispositivos en el hogar. Se enfatiz\u00f3 la necesidad de que los padres se involucren activamente en la educaci\u00f3n digital de sus hijos, sirviendo como modelos a seguir en el uso responsable de la tecnolog\u00eda.<\/p>\n<p>Esta iniciativa refleja el compromiso del colegio con la innovaci\u00f3n educativa y la formaci\u00f3n integral de sus alumnos, promoviendo un entorno de aprendizaje seguro y efectivo en la era digital.<\/p>[\/et_pb_text][\/et_pb_column][et_pb_column _builder_version=\u00bb4.27.3&#8243; _module_preset=\u00bbdefault\u00bb type=\u00bb2_5&#8243; theme_builder_area=\u00bbpost_content\u00bb][et_pb_gallery _builder_version=\u00bb4.27.3&#8243; _module_preset=\u00bbdefault\u00bb theme_builder_area=\u00bbpost_content\u00bb gallery_ids=\u00bb9183,9182,9181,9180,9179&#8243; show_title_and_caption=\u00bboff\u00bb hover_enabled=\u00bb0&#8243; sticky_enabled=\u00bb0&#8243;][\/et_pb_gallery][\/et_pb_column][\/et_pb_row][\/et_pb_section]\n","protected":false},"excerpt":{"rendered":"<p>En el colegio hemos iniciado el programa iPad 1:1 en 5.\u00ba de Primaria, cada alumno tiene un iPad para enriquecer su experiencia educativa. Para garantizar un uso adecuado de esta herramienta, se ha organizado una reuni\u00f3n formativa dirigida a las familias de estos alumnos. Durante el encuentro, se abordaron temas clave como la supervisi\u00f3n del [&hellip;]<\/p>\n","protected":false},"author":1,"featured_media":9181,"comment_status":"open","ping_status":"open","sticky":false,"template":"","format":"standard","meta":{"_et_pb_use_builder":"on","_et_pb_old_content":"","_et_gb_content_width":"","_joinchat":[],"footnotes":""},"categories":[59],"tags":[],"class_list":["post-9178","post","type-post","status-publish","format-standard","has-post-thumbnail","hentry","category-digitalizacion-tic"],"yoast_head":"<!-- This site is optimized with the Yoast SEO plugin v28.4 - https:\/\/yoast.com\/product\/yoast-seo-wordpress\/ -->\n<title>Formaci\u00f3n a familias sobre el uso del iPad - Colegio Mar\u00eda Auxiliadora<\/title>\n<meta name=\"robots\" content=\"index, follow, max-snippet:-1, max-image-preview:large, max-video-preview:-1\" \/>\n<link rel=\"canonical\" href=\"https:\/\/salesianosmaux.es\/colegio\/2024\/10\/29\/formacion-a-familias-sobre-el-uso-del-ipad\/\" \/>\n<meta property=\"og:locale\" content=\"es_ES\" \/>\n<meta property=\"og:type\" content=\"article\" \/>\n<meta property=\"og:title\" content=\"Formaci\u00f3n a familias sobre el uso del iPad - Colegio Mar\u00eda Auxiliadora\" \/>\n<meta property=\"og:description\" content=\"Te puede interesar...\" \/>\n<meta property=\"og:url\" content=\"https:\/\/salesianosmaux.es\/colegio\/2024\/10\/29\/formacion-a-familias-sobre-el-uso-del-ipad\/\" \/>\n<meta property=\"og:site_name\" content=\"Colegio Mar\u00eda Auxiliadora\" \/>\n<meta property=\"article:published_time\" content=\"2024-10-29T17:20:00+00:00\" \/>\n<meta property=\"article:modified_time\" content=\"2026-08-31T07:40:23+00:00\" \/>\n<meta property=\"og:image\" content=\"https:\/\/salesianosmaux.es\/colegio\/wp-content\/uploads\/sites\/5\/2024\/12\/PHOTO-2024-11-22-10-50-45-3.jpg\" \/>\n\t<meta property=\"og:image:width\" content=\"1600\" \/>\n\t<meta property=\"og:image:height\" content=\"1200\" \/>\n\t<meta property=\"og:image:type\" content=\"image\/jpeg\" \/>\n<meta name=\"author\" content=\"admin\" \/>\n<meta name=\"twitter:card\" content=\"summary_large_image\" \/>\n<meta name=\"twitter:label1\" content=\"Escrito por\" \/>\n\t<meta name=\"twitter:data1\" content=\"admin\" \/>\n\t<meta name=\"twitter:label2\" content=\"Tiempo de lectura\" \/>\n\t<meta name=\"twitter:data2\" content=\"2 minutos\" \/>\n<script type=\"application\/ld+json\" class=\"yoast-schema-graph\">{\"@context\":\"https:\\\/\\\/schema.org\",\"@graph\":[{\"@type\":\"Article\",\"@id\":\"https:\\\/\\\/salesianosmaux.es\\\/colegio\\\/2024\\\/10\\\/29\\\/formacion-a-familias-sobre-el-uso-del-ipad\\\/#article\",\"isPartOf\":{\"@id\":\"https:\\\/\\\/salesianosmaux.es\\\/colegio\\\/2024\\\/10\\\/29\\\/formacion-a-familias-sobre-el-uso-del-ipad\\\/\"},\"author\":{\"name\":\"admin\",\"@id\":\"https:\\\/\\\/salesianosmaux.es\\\/colegio\\\/#\\\/schema\\\/person\\\/9bd111fcfb5210d0fa466bfc8154b2f8\"},\"headline\":\"Formaci\u00f3n a familias sobre el uso del iPad\",\"datePublished\":\"2024-10-29T17:20:00+00:00\",\"dateModified\":\"2026-08-31T07:40:23+00:00\",\"mainEntityOfPage\":{\"@id\":\"https:\\\/\\\/salesianosmaux.es\\\/colegio\\\/2024\\\/10\\\/29\\\/formacion-a-familias-sobre-el-uso-del-ipad\\\/\"},\"wordCount\":269,\"commentCount\":0,\"image\":{\"@id\":\"https:\\\/\\\/salesianosmaux.es\\\/colegio\\\/2024\\\/10\\\/29\\\/formacion-a-familias-sobre-el-uso-del-ipad\\\/#primaryimage\"},\"thumbnailUrl\":\"https:\\\/\\\/salesianosmaux.es\\\/colegio\\\/wp-content\\\/uploads\\\/sites\\\/5\\\/2024\\\/12\\\/PHOTO-2024-11-22-10-50-45-3.jpg\",\"articleSection\":[\"Digitalizaci\u00f3n y TIC\"],\"inLanguage\":\"es\",\"potentialAction\":[{\"@type\":\"CommentAction\",\"name\":\"Comment\",\"target\":[\"https:\\\/\\\/salesianosmaux.es\\\/colegio\\\/2024\\\/10\\\/29\\\/formacion-a-familias-sobre-el-uso-del-ipad\\\/#respond\"]}]},{\"@type\":\"WebPage\",\"@id\":\"https:\\\/\\\/salesianosmaux.es\\\/colegio\\\/2024\\\/10\\\/29\\\/formacion-a-familias-sobre-el-uso-del-ipad\\\/\",\"url\":\"https:\\\/\\\/salesianosmaux.es\\\/colegio\\\/2024\\\/10\\\/29\\\/formacion-a-familias-sobre-el-uso-del-ipad\\\/\",\"name\":\"Formaci\u00f3n a familias sobre el uso del iPad - Colegio Mar\u00eda Auxiliadora\",\"isPartOf\":{\"@id\":\"https:\\\/\\\/salesianosmaux.es\\\/colegio\\\/#website\"},\"primaryImageOfPage\":{\"@id\":\"https:\\\/\\\/salesianosmaux.es\\\/colegio\\\/2024\\\/10\\\/29\\\/formacion-a-familias-sobre-el-uso-del-ipad\\\/#primaryimage\"},\"image\":{\"@id\":\"https:\\\/\\\/salesianosmaux.es\\\/colegio\\\/2024\\\/10\\\/29\\\/formacion-a-familias-sobre-el-uso-del-ipad\\\/#primaryimage\"},\"thumbnailUrl\":\"https:\\\/\\\/salesianosmaux.es\\\/colegio\\\/wp-content\\\/uploads\\\/sites\\\/5\\\/2024\\\/12\\\/PHOTO-2024-11-22-10-50-45-3.jpg\",\"datePublished\":\"2024-10-29T17:20:00+00:00\",\"dateModified\":\"2026-08-31T07:40:23+00:00\",\"author\":{\"@id\":\"https:\\\/\\\/salesianosmaux.es\\\/colegio\\\/#\\\/schema\\\/person\\\/9bd111fcfb5210d0fa466bfc8154b2f8\"},\"breadcrumb\":{\"@id\":\"https:\\\/\\\/salesianosmaux.es\\\/colegio\\\/2024\\\/10\\\/29\\\/formacion-a-familias-sobre-el-uso-del-ipad\\\/#breadcrumb\"},\"inLanguage\":\"es\",\"potentialAction\":[{\"@type\":\"ReadAction\",\"target\":[\"https:\\\/\\\/salesianosmaux.es\\\/colegio\\\/2024\\\/10\\\/29\\\/formacion-a-familias-sobre-el-uso-del-ipad\\\/\"]}]},{\"@type\":\"ImageObject\",\"inLanguage\":\"es\",\"@id\":\"https:\\\/\\\/salesianosmaux.es\\\/colegio\\\/2024\\\/10\\\/29\\\/formacion-a-familias-sobre-el-uso-del-ipad\\\/#primaryimage\",\"url\":\"https:\\\/\\\/salesianosmaux.es\\\/colegio\\\/wp-content\\\/uploads\\\/sites\\\/5\\\/2024\\\/12\\\/PHOTO-2024-11-22-10-50-45-3.jpg\",\"contentUrl\":\"https:\\\/\\\/salesianosmaux.es\\\/colegio\\\/wp-content\\\/uploads\\\/sites\\\/5\\\/2024\\\/12\\\/PHOTO-2024-11-22-10-50-45-3.jpg\",\"width\":1600,\"height\":1200},{\"@type\":\"BreadcrumbList\",\"@id\":\"https:\\\/\\\/salesianosmaux.es\\\/colegio\\\/2024\\\/10\\\/29\\\/formacion-a-familias-sobre-el-uso-del-ipad\\\/#breadcrumb\",\"itemListElement\":[{\"@type\":\"ListItem\",\"position\":1,\"name\":\"Portada\",\"item\":\"https:\\\/\\\/salesianosmaux.es\\\/colegio\\\/\"},{\"@type\":\"ListItem\",\"position\":2,\"name\":\"Formaci\u00f3n a familias sobre el uso del iPad\"}]},{\"@type\":\"WebSite\",\"@id\":\"https:\\\/\\\/salesianosmaux.es\\\/colegio\\\/#website\",\"url\":\"https:\\\/\\\/salesianosmaux.es\\\/colegio\\\/\",\"name\":\"Colegio Mar\u00eda Auxiliadora\",\"description\":\"Colegio Mar\u00eda Auxiliadora\",\"potentialAction\":[{\"@type\":\"SearchAction\",\"target\":{\"@type\":\"EntryPoint\",\"urlTemplate\":\"https:\\\/\\\/salesianosmaux.es\\\/colegio\\\/?s={search_term_string}\"},\"query-input\":{\"@type\":\"PropertyValueSpecification\",\"valueRequired\":true,\"valueName\":\"search_term_string\"}}],\"inLanguage\":\"es\"},{\"@type\":\"Person\",\"@id\":\"https:\\\/\\\/salesianosmaux.es\\\/colegio\\\/#\\\/schema\\\/person\\\/9bd111fcfb5210d0fa466bfc8154b2f8\",\"name\":\"admin\",\"image\":{\"@type\":\"ImageObject\",\"inLanguage\":\"es\",\"@id\":\"https:\\\/\\\/secure.gravatar.com\\\/avatar\\\/09550e5c75cc821753a661f1c7f497ea1bbe9e394289f33e436a29a7df762242?s=96&d=mm&r=g\",\"url\":\"https:\\\/\\\/secure.gravatar.com\\\/avatar\\\/09550e5c75cc821753a661f1c7f497ea1bbe9e394289f33e436a29a7df762242?s=96&d=mm&r=g\",\"contentUrl\":\"https:\\\/\\\/secure.gravatar.com\\\/avatar\\\/09550e5c75cc821753a661f1c7f497ea1bbe9e394289f33e436a29a7df762242?s=96&d=mm&r=g\",\"caption\":\"admin\"},\"sameAs\":[\"https:\\\/\\\/salesianosmaux.es\"],\"url\":\"https:\\\/\\\/salesianosmaux.es\\\/colegio\\\/author\\\/salamanca_95jmwv72\\\/\"}]}<\/script>\n<!-- \/ Yoast SEO plugin. -->","yoast_head_json":{"title":"Formaci\u00f3n a familias sobre el uso del iPad - Colegio Mar\u00eda Auxiliadora","robots":{"index":"index","follow":"follow","max-snippet":"max-snippet:-1","max-image-preview":"max-image-preview:large","max-video-preview":"max-video-preview:-1"},"canonical":"https:\/\/salesianosmaux.es\/colegio\/2024\/10\/29\/formacion-a-familias-sobre-el-uso-del-ipad\/","og_locale":"es_ES","og_type":"article","og_title":"Formaci\u00f3n a familias sobre el uso del iPad - Colegio Mar\u00eda Auxiliadora","og_description":"Te puede interesar...","og_url":"https:\/\/salesianosmaux.es\/colegio\/2024\/10\/29\/formacion-a-familias-sobre-el-uso-del-ipad\/","og_site_name":"Colegio Mar\u00eda Auxiliadora","article_published_time":"2024-10-29T17:20:00+00:00","article_modified_time":"2026-08-31T07:40:23+00:00","og_image":[{"width":1600,"height":1200,"url":"https:\/\/salesianosmaux.es\/colegio\/wp-content\/uploads\/sites\/5\/2024\/12\/PHOTO-2024-11-22-10-50-45-3.jpg","type":"image\/jpeg"}],"author":"admin","twitter_card":"summary_large_image","twitter_misc":{"Escrito por":"admin","Tiempo de lectura":"2 minutos"},"schema":{"@context":"https:\/\/schema.org","@graph":[{"@type":"Article","@id":"https:\/\/salesianosmaux.es\/colegio\/2024\/10\/29\/formacion-a-familias-sobre-el-uso-del-ipad\/#article","isPartOf":{"@id":"https:\/\/salesianosmaux.es\/colegio\/2024\/10\/29\/formacion-a-familias-sobre-el-uso-del-ipad\/"},"author":{"name":"admin","@id":"https:\/\/salesianosmaux.es\/colegio\/#\/schema\/person\/9bd111fcfb5210d0fa466bfc8154b2f8"},"headline":"Formaci\u00f3n a familias sobre el uso del iPad","datePublished":"2024-10-29T17:20:00+00:00","dateModified":"2026-08-31T07:40:23+00:00","mainEntityOfPage":{"@id":"https:\/\/salesianosmaux.es\/colegio\/2024\/10\/29\/formacion-a-familias-sobre-el-uso-del-ipad\/"},"wordCount":269,"commentCount":0,"image":{"@id":"https:\/\/salesianosmaux.es\/colegio\/2024\/10\/29\/formacion-a-familias-sobre-el-uso-del-ipad\/#primaryimage"},"thumbnailUrl":"https:\/\/salesianosmaux.es\/colegio\/wp-content\/uploads\/sites\/5\/2024\/12\/PHOTO-2024-11-22-10-50-45-3.jpg","articleSection":["Digitalizaci\u00f3n y TIC"],"inLanguage":"es","potentialAction":[{"@type":"CommentAction","name":"Comment","target":["https:\/\/salesianosmaux.es\/colegio\/2024\/10\/29\/formacion-a-familias-sobre-el-uso-del-ipad\/#respond"]}]},{"@type":"WebPage","@id":"https:\/\/salesianosmaux.es\/colegio\/2024\/10\/29\/formacion-a-familias-sobre-el-uso-del-ipad\/","url":"https:\/\/salesianosmaux.es\/colegio\/2024\/10\/29\/formacion-a-familias-sobre-el-uso-del-ipad\/","name":"Formaci\u00f3n a familias sobre el uso del iPad - Colegio Mar\u00eda Auxiliadora","isPartOf":{"@id":"https:\/\/salesianosmaux.es\/colegio\/#website"},"primaryImageOfPage":{"@id":"https:\/\/salesianosmaux.es\/colegio\/2024\/10\/29\/formacion-a-familias-sobre-el-uso-del-ipad\/#primaryimage"},"image":{"@id":"https:\/\/salesianosmaux.es\/colegio\/2024\/10\/29\/formacion-a-familias-sobre-el-uso-del-ipad\/#primaryimage"},"thumbnailUrl":"https:\/\/salesianosmaux.es\/colegio\/wp-content\/uploads\/sites\/5\/2024\/12\/PHOTO-2024-11-22-10-50-45-3.jpg","datePublished":"2024-10-29T17:20:00+00:00","dateModified":"2026-08-31T07:40:23+00:00","author":{"@id":"https:\/\/salesianosmaux.es\/colegio\/#\/schema\/person\/9bd111fcfb5210d0fa466bfc8154b2f8"},"breadcrumb":{"@id":"https:\/\/salesianosmaux.es\/colegio\/2024\/10\/29\/formacion-a-familias-sobre-el-uso-del-ipad\/#breadcrumb"},"inLanguage":"es","potentialAction":[{"@type":"ReadAction","target":["https:\/\/salesianosmaux.es\/colegio\/2024\/10\/29\/formacion-a-familias-sobre-el-uso-del-ipad\/"]}]},{"@type":"ImageObject","inLanguage":"es","@id":"https:\/\/salesianosmaux.es\/colegio\/2024\/10\/29\/formacion-a-familias-sobre-el-uso-del-ipad\/#primaryimage","url":"https:\/\/salesianosmaux.es\/colegio\/wp-content\/uploads\/sites\/5\/2024\/12\/PHOTO-2024-11-22-10-50-45-3.jpg","contentUrl":"https:\/\/salesianosmaux.es\/colegio\/wp-content\/uploads\/sites\/5\/2024\/12\/PHOTO-2024-11-22-10-50-45-3.jpg","width":1600,"height":1200},{"@type":"BreadcrumbList","@id":"https:\/\/salesianosmaux.es\/colegio\/2024\/10\/29\/formacion-a-familias-sobre-el-uso-del-ipad\/#breadcrumb","itemListElement":[{"@type":"ListItem","position":1,"name":"Portada","item":"https:\/\/salesianosmaux.es\/colegio\/"},{"@type":"ListItem","position":2,"name":"Formaci\u00f3n a familias sobre el uso del iPad"}]},{"@type":"WebSite","@id":"https:\/\/salesianosmaux.es\/colegio\/#website","url":"https:\/\/salesianosmaux.es\/colegio\/","name":"Colegio Mar\u00eda Auxiliadora","description":"Colegio Mar\u00eda Auxiliadora","potentialAction":[{"@type":"SearchAction","target":{"@type":"EntryPoint","urlTemplate":"https:\/\/salesianosmaux.es\/colegio\/?s={search_term_string}"},"query-input":{"@type":"PropertyValueSpecification","valueRequired":true,"valueName":"search_term_string"}}],"inLanguage":"es"},{"@type":"Person","@id":"https:\/\/salesianosmaux.es\/colegio\/#\/schema\/person\/9bd111fcfb5210d0fa466bfc8154b2f8","name":"admin","image":{"@type":"ImageObject","inLanguage":"es","@id":"https:\/\/secure.gravatar.com\/avatar\/09550e5c75cc821753a661f1c7f497ea1bbe9e394289f33e436a29a7df762242?s=96&d=mm&r=g","url":"https:\/\/secure.gravatar.com\/avatar\/09550e5c75cc821753a661f1c7f497ea1bbe9e394289f33e436a29a7df762242?s=96&d=mm&r=g","contentUrl":"https:\/\/secure.gravatar.com\/avatar\/09550e5c75cc821753a661f1c7f497ea1bbe9e394289f33e436a29a7df762242?s=96&d=mm&r=g","caption":"admin"},"sameAs":["https:\/\/salesianosmaux.es"],"url":"https:\/\/salesianosmaux.es\/colegio\/author\/salamanca_95jmwv72\/"}]}},"_links":{"self":[{"href":"https:\/\/salesianosmaux.es\/colegio\/wp-json\/wp\/v2\/posts\/9178","targetHints":{"allow":["GET"]}}],"collection":[{"href":"https:\/\/salesianosmaux.es\/colegio\/wp-json\/wp\/v2\/posts"}],"about":[{"href":"https:\/\/salesianosmaux.es\/colegio\/wp-json\/wp\/v2\/types\/post"}],"author":[{"embeddable":true,"href":"https:\/\/salesianosmaux.es\/colegio\/wp-json\/wp\/v2\/users\/1"}],"replies":[{"embeddable":true,"href":"https:\/\/salesianosmaux.es\/colegio\/wp-json\/wp\/v2\/comments?post=9178"}],"version-history":[{"count":3,"href":"https:\/\/salesianosmaux.es\/colegio\/wp-json\/wp\/v2\/posts\/9178\/revisions"}],"predecessor-version":[{"id":9188,"href":"https:\/\/salesianosmaux.es\/colegio\/wp-json\/wp\/v2\/posts\/9178\/revisions\/9188"}],"wp:featuredmedia":[{"embeddable":true,"href":"https:\/\/salesianosmaux.es\/colegio\/wp-json\/wp\/v2\/media\/9181"}],"wp:attachment":[{"href":"https:\/\/salesianosmaux.es\/colegio\/wp-json\/wp\/v2\/media?parent=9178"}],"wp:term":[{"taxonomy":"category","embeddable":true,"href":"https:\/\/salesianosmaux.es\/colegio\/wp-json\/wp\/v2\/categories?post=9178"},{"taxonomy":"post_tag","embeddable":true,"href":"https:\/\/salesianosmaux.es\/colegio\/wp-json\/wp\/v2\/tags?post=9178"}],"curies":[{"name":"wp","href":"https:\/\/api.w.org\/{rel}","templated":true}]}}