{"id":933,"date":"2022-04-05T21:34:28","date_gmt":"2022-04-05T21:34:28","guid":{"rendered":"https:\/\/salesianosmaux.es\/colegio\/?p=933"},"modified":"2026-08-31T07:41:14","modified_gmt":"2026-08-31T07:41:14","slug":"contra-la-invasion-rusa-en-ucrania-por-la-paz","status":"publish","type":"post","link":"https:\/\/salesianosmaux.es\/colegio\/2022\/04\/05\/contra-la-invasion-rusa-en-ucrania-por-la-paz\/","title":{"rendered":"Contra la invasi\u00f3n rusa en Ucrania. Por la paz."},"content":{"rendered":"\n[et_pb_section fb_built=\u00bb1&#8243; theme_builder_area=\u00bbpost_content\u00bb _builder_version=\u00bb4.15.1&#8243; _module_preset=\u00bbdefault\u00bb][et_pb_row _builder_version=\u00bb4.15.1&#8243; _module_preset=\u00bbdefault\u00bb theme_builder_area=\u00bbpost_content\u00bb column_structure=\u00bb3_5,2_5&#8243;][et_pb_column _builder_version=\u00bb4.15.1&#8243; _module_preset=\u00bbdefault\u00bb type=\u00bb3_5&#8243; theme_builder_area=\u00bbpost_content\u00bb][et_pb_text _builder_version=\u00bb4.15.1&#8243; text_font=\u00bb||||||||\u00bb header_font=\u00bb||||||||\u00bb header_2_font=\u00bbLato|300|||||||\u00bb header_2_font_size=\u00bb30px\u00bb text_orientation=\u00bbjustified\u00bb hover_enabled=\u00bb0&#8243; global_colors_info=\u00bb{}\u00bb theme_builder_area=\u00bbpost_content\u00bb sticky_enabled=\u00bb0&#8243;]<p><span style=\"color: #333333;\"><span>Sobre las 12 de la ma\u00f1ana, todos nuestros alumnos de Infantil, Primaria y Secundaria han participado en un acto en el patio del colegio por la paz en Ucrania. Los alumnos han elaborado un manifiesto que ha sido le\u00eddo por chicos y chicas de distintos niveles educativos. Durante el acto se ha escuchado m\u00fasica cl\u00e1sica como signo de paz y la uni\u00f3n; han participado\u00a0<b>alumnos ucranianos que est\u00e1n estudiando en el colegio.<\/b><\/span><\/span><\/p>\n<p><span style=\"color: #333333;\"><span><b>Contra la invasi\u00f3n rusa en Ucrania. \u00a1Por la paz!<\/b><\/span><\/span><\/p>[\/et_pb_text][\/et_pb_column][et_pb_column _builder_version=\u00bb4.15.1&#8243; _module_preset=\u00bbdefault\u00bb type=\u00bb2_5&#8243; theme_builder_area=\u00bbpost_content\u00bb][et_pb_video_slider _builder_version=\u00bb4.15.1&#8243; _module_preset=\u00bbdefault\u00bb theme_builder_area=\u00bbpost_content\u00bb hover_enabled=\u00bb0&#8243; sticky_enabled=\u00bb0&#8243;][et_pb_video_slider_item src=\u00bbhttps:\/\/youtu.be\/dQpLjuF2kaI\u00bb _builder_version=\u00bb4.15.1&#8243; _module_preset=\u00bbdefault\u00bb theme_builder_area=\u00bbpost_content\u00bb show_image_overlay=\u00bboff\u00bb hover_enabled=\u00bb0&#8243; sticky_enabled=\u00bb0&#8243;][\/et_pb_video_slider_item][\/et_pb_video_slider][\/et_pb_column][\/et_pb_row][\/et_pb_section]\n","protected":false},"excerpt":{"rendered":"<p>Los alumnos han elaborado un manifiesto que ha sido le\u00eddo por chicos y chicas de distintos niveles educativos. Durante el acto se ha escuchado m\u00fasica cl\u00e1sica como signo de paz y la uni\u00f3n; han participado\u00a0alumnos ucranianos que est\u00e1n estudiando en el colegio.<\/p>\n","protected":false},"author":1,"featured_media":934,"comment_status":"open","ping_status":"open","sticky":false,"template":"","format":"standard","meta":{"_et_pb_use_builder":"on","_et_pb_old_content":"","_et_gb_content_width":"","_joinchat":[],"footnotes":""},"categories":[35],"tags":[],"class_list":["post-933","post","type-post","status-publish","format-standard","has-post-thumbnail","hentry","category-pastoral"],"yoast_head":"<!-- This site is optimized with the Yoast SEO plugin v28.4 - https:\/\/yoast.com\/product\/yoast-seo-wordpress\/ -->\n<title>Contra la invasi\u00f3n rusa en Ucrania. Por la paz. - Colegio Mar\u00eda Auxiliadora<\/title>\n<meta name=\"robots\" content=\"index, follow, max-snippet:-1, max-image-preview:large, max-video-preview:-1\" \/>\n<link rel=\"canonical\" href=\"https:\/\/salesianosmaux.es\/colegio\/2022\/04\/05\/contra-la-invasion-rusa-en-ucrania-por-la-paz\/\" \/>\n<meta property=\"og:locale\" content=\"es_ES\" \/>\n<meta property=\"og:type\" content=\"article\" \/>\n<meta property=\"og:title\" content=\"Contra la invasi\u00f3n rusa en Ucrania. Por la paz. - Colegio Mar\u00eda Auxiliadora\" \/>\n<meta property=\"og:description\" content=\"Los alumnos han elaborado un manifiesto que ha sido le\u00eddo por chicos y chicas de distintos niveles educativos. Durante el acto se ha escuchado m\u00fasica cl\u00e1sica como signo de paz y la uni\u00f3n; han participado\u00a0alumnos ucranianos que est\u00e1n estudiando en el colegio.\" \/>\n<meta property=\"og:url\" content=\"https:\/\/salesianosmaux.es\/colegio\/2022\/04\/05\/contra-la-invasion-rusa-en-ucrania-por-la-paz\/\" \/>\n<meta property=\"og:site_name\" content=\"Colegio Mar\u00eda Auxiliadora\" \/>\n<meta property=\"article:published_time\" content=\"2022-04-05T21:34:28+00:00\" \/>\n<meta property=\"article:modified_time\" content=\"2026-08-31T07:41:14+00:00\" \/>\n<meta property=\"og:image\" content=\"https:\/\/salesianosmaux.es\/colegio\/wp-content\/uploads\/sites\/5\/2022\/04\/actoUcrania-scaled.jpg\" \/>\n\t<meta property=\"og:image:width\" content=\"2560\" \/>\n\t<meta property=\"og:image:height\" content=\"1707\" \/>\n\t<meta property=\"og:image:type\" content=\"image\/jpeg\" \/>\n<meta name=\"author\" content=\"admin\" \/>\n<meta name=\"twitter:card\" content=\"summary_large_image\" \/>\n<meta name=\"twitter:label1\" content=\"Escrito por\" \/>\n\t<meta name=\"twitter:data1\" content=\"admin\" \/>\n\t<meta name=\"twitter:label2\" content=\"Tiempo de lectura\" \/>\n\t<meta name=\"twitter:data2\" content=\"1 minuto\" \/>\n<script type=\"application\/ld+json\" class=\"yoast-schema-graph\">{\"@context\":\"https:\\\/\\\/schema.org\",\"@graph\":[{\"@type\":\"Article\",\"@id\":\"https:\\\/\\\/salesianosmaux.es\\\/colegio\\\/2022\\\/04\\\/05\\\/contra-la-invasion-rusa-en-ucrania-por-la-paz\\\/#article\",\"isPartOf\":{\"@id\":\"https:\\\/\\\/salesianosmaux.es\\\/colegio\\\/2022\\\/04\\\/05\\\/contra-la-invasion-rusa-en-ucrania-por-la-paz\\\/\"},\"author\":{\"name\":\"admin\",\"@id\":\"https:\\\/\\\/salesianosmaux.es\\\/colegio\\\/#\\\/schema\\\/person\\\/9bd111fcfb5210d0fa466bfc8154b2f8\"},\"headline\":\"Contra la invasi\u00f3n rusa en Ucrania. Por la paz.\",\"datePublished\":\"2022-04-05T21:34:28+00:00\",\"dateModified\":\"2026-08-31T07:41:14+00:00\",\"mainEntityOfPage\":{\"@id\":\"https:\\\/\\\/salesianosmaux.es\\\/colegio\\\/2022\\\/04\\\/05\\\/contra-la-invasion-rusa-en-ucrania-por-la-paz\\\/\"},\"wordCount\":257,\"commentCount\":0,\"image\":{\"@id\":\"https:\\\/\\\/salesianosmaux.es\\\/colegio\\\/2022\\\/04\\\/05\\\/contra-la-invasion-rusa-en-ucrania-por-la-paz\\\/#primaryimage\"},\"thumbnailUrl\":\"https:\\\/\\\/salesianosmaux.es\\\/colegio\\\/wp-content\\\/uploads\\\/sites\\\/5\\\/2022\\\/04\\\/actoUcrania-scaled.jpg\",\"articleSection\":[\"Pastoral\"],\"inLanguage\":\"es\",\"potentialAction\":[{\"@type\":\"CommentAction\",\"name\":\"Comment\",\"target\":[\"https:\\\/\\\/salesianosmaux.es\\\/colegio\\\/2022\\\/04\\\/05\\\/contra-la-invasion-rusa-en-ucrania-por-la-paz\\\/#respond\"]}]},{\"@type\":\"WebPage\",\"@id\":\"https:\\\/\\\/salesianosmaux.es\\\/colegio\\\/2022\\\/04\\\/05\\\/contra-la-invasion-rusa-en-ucrania-por-la-paz\\\/\",\"url\":\"https:\\\/\\\/salesianosmaux.es\\\/colegio\\\/2022\\\/04\\\/05\\\/contra-la-invasion-rusa-en-ucrania-por-la-paz\\\/\",\"name\":\"Contra la invasi\u00f3n rusa en Ucrania. Por la paz. - Colegio Mar\u00eda Auxiliadora\",\"isPartOf\":{\"@id\":\"https:\\\/\\\/salesianosmaux.es\\\/colegio\\\/#website\"},\"primaryImageOfPage\":{\"@id\":\"https:\\\/\\\/salesianosmaux.es\\\/colegio\\\/2022\\\/04\\\/05\\\/contra-la-invasion-rusa-en-ucrania-por-la-paz\\\/#primaryimage\"},\"image\":{\"@id\":\"https:\\\/\\\/salesianosmaux.es\\\/colegio\\\/2022\\\/04\\\/05\\\/contra-la-invasion-rusa-en-ucrania-por-la-paz\\\/#primaryimage\"},\"thumbnailUrl\":\"https:\\\/\\\/salesianosmaux.es\\\/colegio\\\/wp-content\\\/uploads\\\/sites\\\/5\\\/2022\\\/04\\\/actoUcrania-scaled.jpg\",\"datePublished\":\"2022-04-05T21:34:28+00:00\",\"dateModified\":\"2026-08-31T07:41:14+00:00\",\"author\":{\"@id\":\"https:\\\/\\\/salesianosmaux.es\\\/colegio\\\/#\\\/schema\\\/person\\\/9bd111fcfb5210d0fa466bfc8154b2f8\"},\"breadcrumb\":{\"@id\":\"https:\\\/\\\/salesianosmaux.es\\\/colegio\\\/2022\\\/04\\\/05\\\/contra-la-invasion-rusa-en-ucrania-por-la-paz\\\/#breadcrumb\"},\"inLanguage\":\"es\",\"potentialAction\":[{\"@type\":\"ReadAction\",\"target\":[\"https:\\\/\\\/salesianosmaux.es\\\/colegio\\\/2022\\\/04\\\/05\\\/contra-la-invasion-rusa-en-ucrania-por-la-paz\\\/\"]}]},{\"@type\":\"ImageObject\",\"inLanguage\":\"es\",\"@id\":\"https:\\\/\\\/salesianosmaux.es\\\/colegio\\\/2022\\\/04\\\/05\\\/contra-la-invasion-rusa-en-ucrania-por-la-paz\\\/#primaryimage\",\"url\":\"https:\\\/\\\/salesianosmaux.es\\\/colegio\\\/wp-content\\\/uploads\\\/sites\\\/5\\\/2022\\\/04\\\/actoUcrania-scaled.jpg\",\"contentUrl\":\"https:\\\/\\\/salesianosmaux.es\\\/colegio\\\/wp-content\\\/uploads\\\/sites\\\/5\\\/2022\\\/04\\\/actoUcrania-scaled.jpg\",\"width\":2560,\"height\":1707},{\"@type\":\"BreadcrumbList\",\"@id\":\"https:\\\/\\\/salesianosmaux.es\\\/colegio\\\/2022\\\/04\\\/05\\\/contra-la-invasion-rusa-en-ucrania-por-la-paz\\\/#breadcrumb\",\"itemListElement\":[{\"@type\":\"ListItem\",\"position\":1,\"name\":\"Portada\",\"item\":\"https:\\\/\\\/salesianosmaux.es\\\/colegio\\\/\"},{\"@type\":\"ListItem\",\"position\":2,\"name\":\"Contra la invasi\u00f3n rusa en Ucrania. Por la paz.\"}]},{\"@type\":\"WebSite\",\"@id\":\"https:\\\/\\\/salesianosmaux.es\\\/colegio\\\/#website\",\"url\":\"https:\\\/\\\/salesianosmaux.es\\\/colegio\\\/\",\"name\":\"Colegio Mar\u00eda Auxiliadora\",\"description\":\"Colegio Mar\u00eda Auxiliadora\",\"potentialAction\":[{\"@type\":\"SearchAction\",\"target\":{\"@type\":\"EntryPoint\",\"urlTemplate\":\"https:\\\/\\\/salesianosmaux.es\\\/colegio\\\/?s={search_term_string}\"},\"query-input\":{\"@type\":\"PropertyValueSpecification\",\"valueRequired\":true,\"valueName\":\"search_term_string\"}}],\"inLanguage\":\"es\"},{\"@type\":\"Person\",\"@id\":\"https:\\\/\\\/salesianosmaux.es\\\/colegio\\\/#\\\/schema\\\/person\\\/9bd111fcfb5210d0fa466bfc8154b2f8\",\"name\":\"admin\",\"image\":{\"@type\":\"ImageObject\",\"inLanguage\":\"es\",\"@id\":\"https:\\\/\\\/secure.gravatar.com\\\/avatar\\\/09550e5c75cc821753a661f1c7f497ea1bbe9e394289f33e436a29a7df762242?s=96&d=mm&r=g\",\"url\":\"https:\\\/\\\/secure.gravatar.com\\\/avatar\\\/09550e5c75cc821753a661f1c7f497ea1bbe9e394289f33e436a29a7df762242?s=96&d=mm&r=g\",\"contentUrl\":\"https:\\\/\\\/secure.gravatar.com\\\/avatar\\\/09550e5c75cc821753a661f1c7f497ea1bbe9e394289f33e436a29a7df762242?s=96&d=mm&r=g\",\"caption\":\"admin\"},\"sameAs\":[\"https:\\\/\\\/salesianosmaux.es\"],\"url\":\"https:\\\/\\\/salesianosmaux.es\\\/colegio\\\/author\\\/salamanca_95jmwv72\\\/\"}]}<\/script>\n<!-- \/ Yoast SEO plugin. -->","yoast_head_json":{"title":"Contra la invasi\u00f3n rusa en Ucrania. Por la paz. - Colegio Mar\u00eda Auxiliadora","robots":{"index":"index","follow":"follow","max-snippet":"max-snippet:-1","max-image-preview":"max-image-preview:large","max-video-preview":"max-video-preview:-1"},"canonical":"https:\/\/salesianosmaux.es\/colegio\/2022\/04\/05\/contra-la-invasion-rusa-en-ucrania-por-la-paz\/","og_locale":"es_ES","og_type":"article","og_title":"Contra la invasi\u00f3n rusa en Ucrania. Por la paz. - Colegio Mar\u00eda Auxiliadora","og_description":"Los alumnos han elaborado un manifiesto que ha sido le\u00eddo por chicos y chicas de distintos niveles educativos. Durante el acto se ha escuchado m\u00fasica cl\u00e1sica como signo de paz y la uni\u00f3n; han participado\u00a0alumnos ucranianos que est\u00e1n estudiando en el colegio.","og_url":"https:\/\/salesianosmaux.es\/colegio\/2022\/04\/05\/contra-la-invasion-rusa-en-ucrania-por-la-paz\/","og_site_name":"Colegio Mar\u00eda Auxiliadora","article_published_time":"2022-04-05T21:34:28+00:00","article_modified_time":"2026-08-31T07:41:14+00:00","og_image":[{"width":2560,"height":1707,"url":"https:\/\/salesianosmaux.es\/colegio\/wp-content\/uploads\/sites\/5\/2022\/04\/actoUcrania-scaled.jpg","type":"image\/jpeg"}],"author":"admin","twitter_card":"summary_large_image","twitter_misc":{"Escrito por":"admin","Tiempo de lectura":"1 minuto"},"schema":{"@context":"https:\/\/schema.org","@graph":[{"@type":"Article","@id":"https:\/\/salesianosmaux.es\/colegio\/2022\/04\/05\/contra-la-invasion-rusa-en-ucrania-por-la-paz\/#article","isPartOf":{"@id":"https:\/\/salesianosmaux.es\/colegio\/2022\/04\/05\/contra-la-invasion-rusa-en-ucrania-por-la-paz\/"},"author":{"name":"admin","@id":"https:\/\/salesianosmaux.es\/colegio\/#\/schema\/person\/9bd111fcfb5210d0fa466bfc8154b2f8"},"headline":"Contra la invasi\u00f3n rusa en Ucrania. Por la paz.","datePublished":"2022-04-05T21:34:28+00:00","dateModified":"2026-08-31T07:41:14+00:00","mainEntityOfPage":{"@id":"https:\/\/salesianosmaux.es\/colegio\/2022\/04\/05\/contra-la-invasion-rusa-en-ucrania-por-la-paz\/"},"wordCount":257,"commentCount":0,"image":{"@id":"https:\/\/salesianosmaux.es\/colegio\/2022\/04\/05\/contra-la-invasion-rusa-en-ucrania-por-la-paz\/#primaryimage"},"thumbnailUrl":"https:\/\/salesianosmaux.es\/colegio\/wp-content\/uploads\/sites\/5\/2022\/04\/actoUcrania-scaled.jpg","articleSection":["Pastoral"],"inLanguage":"es","potentialAction":[{"@type":"CommentAction","name":"Comment","target":["https:\/\/salesianosmaux.es\/colegio\/2022\/04\/05\/contra-la-invasion-rusa-en-ucrania-por-la-paz\/#respond"]}]},{"@type":"WebPage","@id":"https:\/\/salesianosmaux.es\/colegio\/2022\/04\/05\/contra-la-invasion-rusa-en-ucrania-por-la-paz\/","url":"https:\/\/salesianosmaux.es\/colegio\/2022\/04\/05\/contra-la-invasion-rusa-en-ucrania-por-la-paz\/","name":"Contra la invasi\u00f3n rusa en Ucrania. Por la paz. - Colegio Mar\u00eda Auxiliadora","isPartOf":{"@id":"https:\/\/salesianosmaux.es\/colegio\/#website"},"primaryImageOfPage":{"@id":"https:\/\/salesianosmaux.es\/colegio\/2022\/04\/05\/contra-la-invasion-rusa-en-ucrania-por-la-paz\/#primaryimage"},"image":{"@id":"https:\/\/salesianosmaux.es\/colegio\/2022\/04\/05\/contra-la-invasion-rusa-en-ucrania-por-la-paz\/#primaryimage"},"thumbnailUrl":"https:\/\/salesianosmaux.es\/colegio\/wp-content\/uploads\/sites\/5\/2022\/04\/actoUcrania-scaled.jpg","datePublished":"2022-04-05T21:34:28+00:00","dateModified":"2026-08-31T07:41:14+00:00","author":{"@id":"https:\/\/salesianosmaux.es\/colegio\/#\/schema\/person\/9bd111fcfb5210d0fa466bfc8154b2f8"},"breadcrumb":{"@id":"https:\/\/salesianosmaux.es\/colegio\/2022\/04\/05\/contra-la-invasion-rusa-en-ucrania-por-la-paz\/#breadcrumb"},"inLanguage":"es","potentialAction":[{"@type":"ReadAction","target":["https:\/\/salesianosmaux.es\/colegio\/2022\/04\/05\/contra-la-invasion-rusa-en-ucrania-por-la-paz\/"]}]},{"@type":"ImageObject","inLanguage":"es","@id":"https:\/\/salesianosmaux.es\/colegio\/2022\/04\/05\/contra-la-invasion-rusa-en-ucrania-por-la-paz\/#primaryimage","url":"https:\/\/salesianosmaux.es\/colegio\/wp-content\/uploads\/sites\/5\/2022\/04\/actoUcrania-scaled.jpg","contentUrl":"https:\/\/salesianosmaux.es\/colegio\/wp-content\/uploads\/sites\/5\/2022\/04\/actoUcrania-scaled.jpg","width":2560,"height":1707},{"@type":"BreadcrumbList","@id":"https:\/\/salesianosmaux.es\/colegio\/2022\/04\/05\/contra-la-invasion-rusa-en-ucrania-por-la-paz\/#breadcrumb","itemListElement":[{"@type":"ListItem","position":1,"name":"Portada","item":"https:\/\/salesianosmaux.es\/colegio\/"},{"@type":"ListItem","position":2,"name":"Contra la invasi\u00f3n rusa en Ucrania. Por la paz."}]},{"@type":"WebSite","@id":"https:\/\/salesianosmaux.es\/colegio\/#website","url":"https:\/\/salesianosmaux.es\/colegio\/","name":"Colegio Mar\u00eda Auxiliadora","description":"Colegio Mar\u00eda Auxiliadora","potentialAction":[{"@type":"SearchAction","target":{"@type":"EntryPoint","urlTemplate":"https:\/\/salesianosmaux.es\/colegio\/?s={search_term_string}"},"query-input":{"@type":"PropertyValueSpecification","valueRequired":true,"valueName":"search_term_string"}}],"inLanguage":"es"},{"@type":"Person","@id":"https:\/\/salesianosmaux.es\/colegio\/#\/schema\/person\/9bd111fcfb5210d0fa466bfc8154b2f8","name":"admin","image":{"@type":"ImageObject","inLanguage":"es","@id":"https:\/\/secure.gravatar.com\/avatar\/09550e5c75cc821753a661f1c7f497ea1bbe9e394289f33e436a29a7df762242?s=96&d=mm&r=g","url":"https:\/\/secure.gravatar.com\/avatar\/09550e5c75cc821753a661f1c7f497ea1bbe9e394289f33e436a29a7df762242?s=96&d=mm&r=g","contentUrl":"https:\/\/secure.gravatar.com\/avatar\/09550e5c75cc821753a661f1c7f497ea1bbe9e394289f33e436a29a7df762242?s=96&d=mm&r=g","caption":"admin"},"sameAs":["https:\/\/salesianosmaux.es"],"url":"https:\/\/salesianosmaux.es\/colegio\/author\/salamanca_95jmwv72\/"}]}},"_links":{"self":[{"href":"https:\/\/salesianosmaux.es\/colegio\/wp-json\/wp\/v2\/posts\/933","targetHints":{"allow":["GET"]}}],"collection":[{"href":"https:\/\/salesianosmaux.es\/colegio\/wp-json\/wp\/v2\/posts"}],"about":[{"href":"https:\/\/salesianosmaux.es\/colegio\/wp-json\/wp\/v2\/types\/post"}],"author":[{"embeddable":true,"href":"https:\/\/salesianosmaux.es\/colegio\/wp-json\/wp\/v2\/users\/1"}],"replies":[{"embeddable":true,"href":"https:\/\/salesianosmaux.es\/colegio\/wp-json\/wp\/v2\/comments?post=933"}],"version-history":[{"count":3,"href":"https:\/\/salesianosmaux.es\/colegio\/wp-json\/wp\/v2\/posts\/933\/revisions"}],"predecessor-version":[{"id":938,"href":"https:\/\/salesianosmaux.es\/colegio\/wp-json\/wp\/v2\/posts\/933\/revisions\/938"}],"wp:featuredmedia":[{"embeddable":true,"href":"https:\/\/salesianosmaux.es\/colegio\/wp-json\/wp\/v2\/media\/934"}],"wp:attachment":[{"href":"https:\/\/salesianosmaux.es\/colegio\/wp-json\/wp\/v2\/media?parent=933"}],"wp:term":[{"taxonomy":"category","embeddable":true,"href":"https:\/\/salesianosmaux.es\/colegio\/wp-json\/wp\/v2\/categories?post=933"},{"taxonomy":"post_tag","embeddable":true,"href":"https:\/\/salesianosmaux.es\/colegio\/wp-json\/wp\/v2\/tags?post=933"}],"curies":[{"name":"wp","href":"https:\/\/api.w.org\/{rel}","templated":true}]}}