{"id":9777,"date":"2025-03-04T20:57:54","date_gmt":"2025-03-04T20:57:54","guid":{"rendered":"https:\/\/salesianosmaux.es\/colegio\/?p=9777"},"modified":"2026-08-31T07:50:22","modified_gmt":"2026-08-31T07:50:22","slug":"el-colegio-ma-auxiliadora-renueva-la-certificacion-iso-21001-sistemas-de-gestion-en-organizaciones-educativas","status":"publish","type":"post","link":"https:\/\/salesianosmaux.es\/colegio\/2025\/03\/04\/el-colegio-ma-auxiliadora-renueva-la-certificacion-iso-21001-sistemas-de-gestion-en-organizaciones-educativas\/","title":{"rendered":"El Colegio M\u00aa Auxiliadora renueva la certificaci\u00f3n ISO 21001 \u201cSistemas de Gesti\u00f3n en Organizaciones Educativas\u201d"},"content":{"rendered":"<p>[et_pb_section fb_built=\u00bb1&#8243; theme_builder_area=\u00bbpost_content\u00bb _builder_version=\u00bb4.27.4&#8243; _module_preset=\u00bbdefault\u00bb][et_pb_row _builder_version=\u00bb4.27.4&#8243; _module_preset=\u00bbdefault\u00bb theme_builder_area=\u00bbpost_content\u00bb column_structure=\u00bb3_5,2_5&#8243;][et_pb_column _builder_version=\u00bb4.27.4&#8243; _module_preset=\u00bbdefault\u00bb type=\u00bb3_5&#8243; theme_builder_area=\u00bbpost_content\u00bb][et_pb_image src=\u00bbhttps:\/\/salesianosmaux.es\/colegio\/wp-content\/uploads\/sites\/5\/2025\/03\/Salesianos_Salamanca_Maux_Calidad25.jpg\u00bb _builder_version=\u00bb4.27.4&#8243; _module_preset=\u00bbdefault\u00bb theme_builder_area=\u00bbpost_content\u00bb title_text=\u00bbSalesianos_Salamanca_Maux_Calidad25&#8243; hover_enabled=\u00bb0&#8243; sticky_enabled=\u00bb0&#8243;][\/et_pb_image][\/et_pb_column][et_pb_column _builder_version=\u00bb4.27.4&#8243; _module_preset=\u00bbdefault\u00bb type=\u00bb2_5&#8243; theme_builder_area=\u00bbpost_content\u00bb][et_pb_text _builder_version=\u00bb4.27.4&#8243; _module_preset=\u00bbdefault\u00bb theme_builder_area=\u00bbpost_content\u00bb hover_enabled=\u00bb0&#8243; sticky_enabled=\u00bb0&#8243;]<\/p>\n<p style=\"text-align: justify;\"><span>Buscando siempre la m\u00e1xima calidad en la educaci\u00f3n, nuestro colegio<\/span><b>\u00a0<\/b><span>acaba de recertificar en la <\/span><b>ISO 21001<\/b><span>\u00a0<\/span><b>\u201cSistemas de Gesti\u00f3n de Calidad en Organizaciones Educativas\u201d<\/b><span> por cuatro a\u00f1os m\u00e1s.<\/span><\/p>\n<p style=\"text-align: justify;\"><span>Continuamos con la mejora del servicio educativo que prestamos estandarizando la gesti\u00f3n educativa para garantizar la satisfacci\u00f3n de las necesidades de nuestros alumnos. Nuestro compromiso con familias a lo largo de los a\u00f1os se renueva con este nuevo paso.<\/span><\/p>\n<p style=\"text-align: justify;\"><span>Agradecemos a todo el personal su implicaci\u00f3n y trabajo.<\/span><\/p>\n<p>[\/et_pb_text][\/et_pb_column][\/et_pb_row][\/et_pb_section]<\/p>\n","protected":false},"excerpt":{"rendered":"<p>Buscando siempre la m\u00e1xima calidad en la educaci\u00f3n, nuestro colegio\u00a0acaba de recertificar en la ISO 21001\u00a0\u201cSistemas de Gesti\u00f3n de Calidad en Organizaciones Educativas\u201d por cuatro a\u00f1os m\u00e1s. Continuamos con la mejora del servicio educativo que prestamos estandarizando la gesti\u00f3n educativa para garantizar la satisfacci\u00f3n de las necesidades de nuestros alumnos. Nuestro compromiso con familias a [&hellip;]<\/p>\n","protected":false},"author":1,"featured_media":186,"comment_status":"open","ping_status":"open","sticky":false,"template":"","format":"standard","meta":{"_et_pb_use_builder":"on","_et_pb_old_content":"","_et_gb_content_width":"","_joinchat":[],"footnotes":""},"categories":[82],"tags":[84],"class_list":["post-9777","post","type-post","status-publish","format-standard","has-post-thumbnail","hentry","category-vida-escolar","tag-calidad"],"yoast_head":"<!-- This site is optimized with the Yoast SEO plugin v28.4 - https:\/\/yoast.com\/product\/yoast-seo-wordpress\/ -->\n<title>El Colegio M\u00aa Auxiliadora renueva la certificaci\u00f3n ISO 21001 \u201cSistemas de Gesti\u00f3n en Organizaciones Educativas\u201d - Colegio Mar\u00eda Auxiliadora<\/title>\n<meta name=\"robots\" content=\"index, follow, max-snippet:-1, max-image-preview:large, max-video-preview:-1\" \/>\n<link rel=\"canonical\" href=\"https:\/\/salesianosmaux.es\/colegio\/2025\/03\/04\/el-colegio-ma-auxiliadora-renueva-la-certificacion-iso-21001-sistemas-de-gestion-en-organizaciones-educativas\/\" \/>\n<meta property=\"og:locale\" content=\"es_ES\" \/>\n<meta property=\"og:type\" content=\"article\" \/>\n<meta property=\"og:title\" content=\"El Colegio M\u00aa Auxiliadora renueva la certificaci\u00f3n ISO 21001 \u201cSistemas de Gesti\u00f3n en Organizaciones Educativas\u201d - Colegio Mar\u00eda Auxiliadora\" \/>\n<meta property=\"og:description\" content=\"Te puede interesar...\" \/>\n<meta property=\"og:url\" content=\"https:\/\/salesianosmaux.es\/colegio\/2025\/03\/04\/el-colegio-ma-auxiliadora-renueva-la-certificacion-iso-21001-sistemas-de-gestion-en-organizaciones-educativas\/\" \/>\n<meta property=\"og:site_name\" content=\"Colegio Mar\u00eda Auxiliadora\" \/>\n<meta property=\"article:published_time\" content=\"2025-03-04T20:57:54+00:00\" \/>\n<meta property=\"article:modified_time\" content=\"2026-08-31T07:50:22+00:00\" \/>\n<meta property=\"og:image\" content=\"https:\/\/salesianosmaux.es\/colegio\/wp-content\/uploads\/sites\/5\/2022\/02\/ISO_21001web.png\" \/>\n\t<meta property=\"og:image:width\" content=\"2954\" \/>\n\t<meta property=\"og:image:height\" content=\"1470\" \/>\n\t<meta property=\"og:image:type\" content=\"image\/png\" \/>\n<meta name=\"author\" content=\"admin\" \/>\n<meta name=\"twitter:card\" content=\"summary_large_image\" \/>\n<meta name=\"twitter:label1\" content=\"Escrito por\" \/>\n\t<meta name=\"twitter:data1\" content=\"admin\" \/>\n\t<meta name=\"twitter:label2\" content=\"Tiempo de lectura\" \/>\n\t<meta name=\"twitter:data2\" content=\"1 minuto\" \/>\n<script type=\"application\/ld+json\" class=\"yoast-schema-graph\">{\"@context\":\"https:\\\/\\\/schema.org\",\"@graph\":[{\"@type\":\"Article\",\"@id\":\"https:\\\/\\\/salesianosmaux.es\\\/colegio\\\/2025\\\/03\\\/04\\\/el-colegio-ma-auxiliadora-renueva-la-certificacion-iso-21001-sistemas-de-gestion-en-organizaciones-educativas\\\/#article\",\"isPartOf\":{\"@id\":\"https:\\\/\\\/salesianosmaux.es\\\/colegio\\\/2025\\\/03\\\/04\\\/el-colegio-ma-auxiliadora-renueva-la-certificacion-iso-21001-sistemas-de-gestion-en-organizaciones-educativas\\\/\"},\"author\":{\"name\":\"admin\",\"@id\":\"https:\\\/\\\/salesianosmaux.es\\\/colegio\\\/#\\\/schema\\\/person\\\/9bd111fcfb5210d0fa466bfc8154b2f8\"},\"headline\":\"El Colegio M\u00aa Auxiliadora renueva la certificaci\u00f3n ISO 21001 \u201cSistemas de Gesti\u00f3n en Organizaciones Educativas\u201d\",\"datePublished\":\"2025-03-04T20:57:54+00:00\",\"dateModified\":\"2026-08-31T07:50:22+00:00\",\"mainEntityOfPage\":{\"@id\":\"https:\\\/\\\/salesianosmaux.es\\\/colegio\\\/2025\\\/03\\\/04\\\/el-colegio-ma-auxiliadora-renueva-la-certificacion-iso-21001-sistemas-de-gestion-en-organizaciones-educativas\\\/\"},\"wordCount\":230,\"commentCount\":0,\"image\":{\"@id\":\"https:\\\/\\\/salesianosmaux.es\\\/colegio\\\/2025\\\/03\\\/04\\\/el-colegio-ma-auxiliadora-renueva-la-certificacion-iso-21001-sistemas-de-gestion-en-organizaciones-educativas\\\/#primaryimage\"},\"thumbnailUrl\":\"https:\\\/\\\/salesianosmaux.es\\\/colegio\\\/wp-content\\\/uploads\\\/sites\\\/5\\\/2022\\\/02\\\/ISO_21001web.png\",\"keywords\":[\"calidad\"],\"articleSection\":[\"Vida Escolar\"],\"inLanguage\":\"es\",\"potentialAction\":[{\"@type\":\"CommentAction\",\"name\":\"Comment\",\"target\":[\"https:\\\/\\\/salesianosmaux.es\\\/colegio\\\/2025\\\/03\\\/04\\\/el-colegio-ma-auxiliadora-renueva-la-certificacion-iso-21001-sistemas-de-gestion-en-organizaciones-educativas\\\/#respond\"]}]},{\"@type\":\"WebPage\",\"@id\":\"https:\\\/\\\/salesianosmaux.es\\\/colegio\\\/2025\\\/03\\\/04\\\/el-colegio-ma-auxiliadora-renueva-la-certificacion-iso-21001-sistemas-de-gestion-en-organizaciones-educativas\\\/\",\"url\":\"https:\\\/\\\/salesianosmaux.es\\\/colegio\\\/2025\\\/03\\\/04\\\/el-colegio-ma-auxiliadora-renueva-la-certificacion-iso-21001-sistemas-de-gestion-en-organizaciones-educativas\\\/\",\"name\":\"El Colegio M\u00aa Auxiliadora renueva la certificaci\u00f3n ISO 21001 \u201cSistemas de Gesti\u00f3n en Organizaciones Educativas\u201d - Colegio Mar\u00eda Auxiliadora\",\"isPartOf\":{\"@id\":\"https:\\\/\\\/salesianosmaux.es\\\/colegio\\\/#website\"},\"primaryImageOfPage\":{\"@id\":\"https:\\\/\\\/salesianosmaux.es\\\/colegio\\\/2025\\\/03\\\/04\\\/el-colegio-ma-auxiliadora-renueva-la-certificacion-iso-21001-sistemas-de-gestion-en-organizaciones-educativas\\\/#primaryimage\"},\"image\":{\"@id\":\"https:\\\/\\\/salesianosmaux.es\\\/colegio\\\/2025\\\/03\\\/04\\\/el-colegio-ma-auxiliadora-renueva-la-certificacion-iso-21001-sistemas-de-gestion-en-organizaciones-educativas\\\/#primaryimage\"},\"thumbnailUrl\":\"https:\\\/\\\/salesianosmaux.es\\\/colegio\\\/wp-content\\\/uploads\\\/sites\\\/5\\\/2022\\\/02\\\/ISO_21001web.png\",\"datePublished\":\"2025-03-04T20:57:54+00:00\",\"dateModified\":\"2026-08-31T07:50:22+00:00\",\"author\":{\"@id\":\"https:\\\/\\\/salesianosmaux.es\\\/colegio\\\/#\\\/schema\\\/person\\\/9bd111fcfb5210d0fa466bfc8154b2f8\"},\"breadcrumb\":{\"@id\":\"https:\\\/\\\/salesianosmaux.es\\\/colegio\\\/2025\\\/03\\\/04\\\/el-colegio-ma-auxiliadora-renueva-la-certificacion-iso-21001-sistemas-de-gestion-en-organizaciones-educativas\\\/#breadcrumb\"},\"inLanguage\":\"es\",\"potentialAction\":[{\"@type\":\"ReadAction\",\"target\":[\"https:\\\/\\\/salesianosmaux.es\\\/colegio\\\/2025\\\/03\\\/04\\\/el-colegio-ma-auxiliadora-renueva-la-certificacion-iso-21001-sistemas-de-gestion-en-organizaciones-educativas\\\/\"]}]},{\"@type\":\"ImageObject\",\"inLanguage\":\"es\",\"@id\":\"https:\\\/\\\/salesianosmaux.es\\\/colegio\\\/2025\\\/03\\\/04\\\/el-colegio-ma-auxiliadora-renueva-la-certificacion-iso-21001-sistemas-de-gestion-en-organizaciones-educativas\\\/#primaryimage\",\"url\":\"https:\\\/\\\/salesianosmaux.es\\\/colegio\\\/wp-content\\\/uploads\\\/sites\\\/5\\\/2022\\\/02\\\/ISO_21001web.png\",\"contentUrl\":\"https:\\\/\\\/salesianosmaux.es\\\/colegio\\\/wp-content\\\/uploads\\\/sites\\\/5\\\/2022\\\/02\\\/ISO_21001web.png\",\"width\":2954,\"height\":1470},{\"@type\":\"BreadcrumbList\",\"@id\":\"https:\\\/\\\/salesianosmaux.es\\\/colegio\\\/2025\\\/03\\\/04\\\/el-colegio-ma-auxiliadora-renueva-la-certificacion-iso-21001-sistemas-de-gestion-en-organizaciones-educativas\\\/#breadcrumb\",\"itemListElement\":[{\"@type\":\"ListItem\",\"position\":1,\"name\":\"Portada\",\"item\":\"https:\\\/\\\/salesianosmaux.es\\\/colegio\\\/\"},{\"@type\":\"ListItem\",\"position\":2,\"name\":\"El Colegio M\u00aa Auxiliadora renueva la certificaci\u00f3n ISO 21001 \u201cSistemas de Gesti\u00f3n en Organizaciones Educativas\u201d\"}]},{\"@type\":\"WebSite\",\"@id\":\"https:\\\/\\\/salesianosmaux.es\\\/colegio\\\/#website\",\"url\":\"https:\\\/\\\/salesianosmaux.es\\\/colegio\\\/\",\"name\":\"Colegio Mar\u00eda Auxiliadora\",\"description\":\"Colegio Mar\u00eda Auxiliadora\",\"potentialAction\":[{\"@type\":\"SearchAction\",\"target\":{\"@type\":\"EntryPoint\",\"urlTemplate\":\"https:\\\/\\\/salesianosmaux.es\\\/colegio\\\/?s={search_term_string}\"},\"query-input\":{\"@type\":\"PropertyValueSpecification\",\"valueRequired\":true,\"valueName\":\"search_term_string\"}}],\"inLanguage\":\"es\"},{\"@type\":\"Person\",\"@id\":\"https:\\\/\\\/salesianosmaux.es\\\/colegio\\\/#\\\/schema\\\/person\\\/9bd111fcfb5210d0fa466bfc8154b2f8\",\"name\":\"admin\",\"image\":{\"@type\":\"ImageObject\",\"inLanguage\":\"es\",\"@id\":\"https:\\\/\\\/secure.gravatar.com\\\/avatar\\\/09550e5c75cc821753a661f1c7f497ea1bbe9e394289f33e436a29a7df762242?s=96&d=mm&r=g\",\"url\":\"https:\\\/\\\/secure.gravatar.com\\\/avatar\\\/09550e5c75cc821753a661f1c7f497ea1bbe9e394289f33e436a29a7df762242?s=96&d=mm&r=g\",\"contentUrl\":\"https:\\\/\\\/secure.gravatar.com\\\/avatar\\\/09550e5c75cc821753a661f1c7f497ea1bbe9e394289f33e436a29a7df762242?s=96&d=mm&r=g\",\"caption\":\"admin\"},\"sameAs\":[\"https:\\\/\\\/salesianosmaux.es\"],\"url\":\"https:\\\/\\\/salesianosmaux.es\\\/colegio\\\/author\\\/salamanca_95jmwv72\\\/\"}]}<\/script>\n<!-- \/ Yoast SEO plugin. -->","yoast_head_json":{"title":"El Colegio M\u00aa Auxiliadora renueva la certificaci\u00f3n ISO 21001 \u201cSistemas de Gesti\u00f3n en Organizaciones Educativas\u201d - Colegio Mar\u00eda Auxiliadora","robots":{"index":"index","follow":"follow","max-snippet":"max-snippet:-1","max-image-preview":"max-image-preview:large","max-video-preview":"max-video-preview:-1"},"canonical":"https:\/\/salesianosmaux.es\/colegio\/2025\/03\/04\/el-colegio-ma-auxiliadora-renueva-la-certificacion-iso-21001-sistemas-de-gestion-en-organizaciones-educativas\/","og_locale":"es_ES","og_type":"article","og_title":"El Colegio M\u00aa Auxiliadora renueva la certificaci\u00f3n ISO 21001 \u201cSistemas de Gesti\u00f3n en Organizaciones Educativas\u201d - Colegio Mar\u00eda Auxiliadora","og_description":"Te puede interesar...","og_url":"https:\/\/salesianosmaux.es\/colegio\/2025\/03\/04\/el-colegio-ma-auxiliadora-renueva-la-certificacion-iso-21001-sistemas-de-gestion-en-organizaciones-educativas\/","og_site_name":"Colegio Mar\u00eda Auxiliadora","article_published_time":"2025-03-04T20:57:54+00:00","article_modified_time":"2026-08-31T07:50:22+00:00","og_image":[{"width":2954,"height":1470,"url":"https:\/\/salesianosmaux.es\/colegio\/wp-content\/uploads\/sites\/5\/2022\/02\/ISO_21001web.png","type":"image\/png"}],"author":"admin","twitter_card":"summary_large_image","twitter_misc":{"Escrito por":"admin","Tiempo de lectura":"1 minuto"},"schema":{"@context":"https:\/\/schema.org","@graph":[{"@type":"Article","@id":"https:\/\/salesianosmaux.es\/colegio\/2025\/03\/04\/el-colegio-ma-auxiliadora-renueva-la-certificacion-iso-21001-sistemas-de-gestion-en-organizaciones-educativas\/#article","isPartOf":{"@id":"https:\/\/salesianosmaux.es\/colegio\/2025\/03\/04\/el-colegio-ma-auxiliadora-renueva-la-certificacion-iso-21001-sistemas-de-gestion-en-organizaciones-educativas\/"},"author":{"name":"admin","@id":"https:\/\/salesianosmaux.es\/colegio\/#\/schema\/person\/9bd111fcfb5210d0fa466bfc8154b2f8"},"headline":"El Colegio M\u00aa Auxiliadora renueva la certificaci\u00f3n ISO 21001 \u201cSistemas de Gesti\u00f3n en Organizaciones Educativas\u201d","datePublished":"2025-03-04T20:57:54+00:00","dateModified":"2026-08-31T07:50:22+00:00","mainEntityOfPage":{"@id":"https:\/\/salesianosmaux.es\/colegio\/2025\/03\/04\/el-colegio-ma-auxiliadora-renueva-la-certificacion-iso-21001-sistemas-de-gestion-en-organizaciones-educativas\/"},"wordCount":230,"commentCount":0,"image":{"@id":"https:\/\/salesianosmaux.es\/colegio\/2025\/03\/04\/el-colegio-ma-auxiliadora-renueva-la-certificacion-iso-21001-sistemas-de-gestion-en-organizaciones-educativas\/#primaryimage"},"thumbnailUrl":"https:\/\/salesianosmaux.es\/colegio\/wp-content\/uploads\/sites\/5\/2022\/02\/ISO_21001web.png","keywords":["calidad"],"articleSection":["Vida Escolar"],"inLanguage":"es","potentialAction":[{"@type":"CommentAction","name":"Comment","target":["https:\/\/salesianosmaux.es\/colegio\/2025\/03\/04\/el-colegio-ma-auxiliadora-renueva-la-certificacion-iso-21001-sistemas-de-gestion-en-organizaciones-educativas\/#respond"]}]},{"@type":"WebPage","@id":"https:\/\/salesianosmaux.es\/colegio\/2025\/03\/04\/el-colegio-ma-auxiliadora-renueva-la-certificacion-iso-21001-sistemas-de-gestion-en-organizaciones-educativas\/","url":"https:\/\/salesianosmaux.es\/colegio\/2025\/03\/04\/el-colegio-ma-auxiliadora-renueva-la-certificacion-iso-21001-sistemas-de-gestion-en-organizaciones-educativas\/","name":"El Colegio M\u00aa Auxiliadora renueva la certificaci\u00f3n ISO 21001 \u201cSistemas de Gesti\u00f3n en Organizaciones Educativas\u201d - Colegio Mar\u00eda Auxiliadora","isPartOf":{"@id":"https:\/\/salesianosmaux.es\/colegio\/#website"},"primaryImageOfPage":{"@id":"https:\/\/salesianosmaux.es\/colegio\/2025\/03\/04\/el-colegio-ma-auxiliadora-renueva-la-certificacion-iso-21001-sistemas-de-gestion-en-organizaciones-educativas\/#primaryimage"},"image":{"@id":"https:\/\/salesianosmaux.es\/colegio\/2025\/03\/04\/el-colegio-ma-auxiliadora-renueva-la-certificacion-iso-21001-sistemas-de-gestion-en-organizaciones-educativas\/#primaryimage"},"thumbnailUrl":"https:\/\/salesianosmaux.es\/colegio\/wp-content\/uploads\/sites\/5\/2022\/02\/ISO_21001web.png","datePublished":"2025-03-04T20:57:54+00:00","dateModified":"2026-08-31T07:50:22+00:00","author":{"@id":"https:\/\/salesianosmaux.es\/colegio\/#\/schema\/person\/9bd111fcfb5210d0fa466bfc8154b2f8"},"breadcrumb":{"@id":"https:\/\/salesianosmaux.es\/colegio\/2025\/03\/04\/el-colegio-ma-auxiliadora-renueva-la-certificacion-iso-21001-sistemas-de-gestion-en-organizaciones-educativas\/#breadcrumb"},"inLanguage":"es","potentialAction":[{"@type":"ReadAction","target":["https:\/\/salesianosmaux.es\/colegio\/2025\/03\/04\/el-colegio-ma-auxiliadora-renueva-la-certificacion-iso-21001-sistemas-de-gestion-en-organizaciones-educativas\/"]}]},{"@type":"ImageObject","inLanguage":"es","@id":"https:\/\/salesianosmaux.es\/colegio\/2025\/03\/04\/el-colegio-ma-auxiliadora-renueva-la-certificacion-iso-21001-sistemas-de-gestion-en-organizaciones-educativas\/#primaryimage","url":"https:\/\/salesianosmaux.es\/colegio\/wp-content\/uploads\/sites\/5\/2022\/02\/ISO_21001web.png","contentUrl":"https:\/\/salesianosmaux.es\/colegio\/wp-content\/uploads\/sites\/5\/2022\/02\/ISO_21001web.png","width":2954,"height":1470},{"@type":"BreadcrumbList","@id":"https:\/\/salesianosmaux.es\/colegio\/2025\/03\/04\/el-colegio-ma-auxiliadora-renueva-la-certificacion-iso-21001-sistemas-de-gestion-en-organizaciones-educativas\/#breadcrumb","itemListElement":[{"@type":"ListItem","position":1,"name":"Portada","item":"https:\/\/salesianosmaux.es\/colegio\/"},{"@type":"ListItem","position":2,"name":"El Colegio M\u00aa Auxiliadora renueva la certificaci\u00f3n ISO 21001 \u201cSistemas de Gesti\u00f3n en Organizaciones Educativas\u201d"}]},{"@type":"WebSite","@id":"https:\/\/salesianosmaux.es\/colegio\/#website","url":"https:\/\/salesianosmaux.es\/colegio\/","name":"Colegio Mar\u00eda Auxiliadora","description":"Colegio Mar\u00eda Auxiliadora","potentialAction":[{"@type":"SearchAction","target":{"@type":"EntryPoint","urlTemplate":"https:\/\/salesianosmaux.es\/colegio\/?s={search_term_string}"},"query-input":{"@type":"PropertyValueSpecification","valueRequired":true,"valueName":"search_term_string"}}],"inLanguage":"es"},{"@type":"Person","@id":"https:\/\/salesianosmaux.es\/colegio\/#\/schema\/person\/9bd111fcfb5210d0fa466bfc8154b2f8","name":"admin","image":{"@type":"ImageObject","inLanguage":"es","@id":"https:\/\/secure.gravatar.com\/avatar\/09550e5c75cc821753a661f1c7f497ea1bbe9e394289f33e436a29a7df762242?s=96&d=mm&r=g","url":"https:\/\/secure.gravatar.com\/avatar\/09550e5c75cc821753a661f1c7f497ea1bbe9e394289f33e436a29a7df762242?s=96&d=mm&r=g","contentUrl":"https:\/\/secure.gravatar.com\/avatar\/09550e5c75cc821753a661f1c7f497ea1bbe9e394289f33e436a29a7df762242?s=96&d=mm&r=g","caption":"admin"},"sameAs":["https:\/\/salesianosmaux.es"],"url":"https:\/\/salesianosmaux.es\/colegio\/author\/salamanca_95jmwv72\/"}]}},"_links":{"self":[{"href":"https:\/\/salesianosmaux.es\/colegio\/wp-json\/wp\/v2\/posts\/9777","targetHints":{"allow":["GET"]}}],"collection":[{"href":"https:\/\/salesianosmaux.es\/colegio\/wp-json\/wp\/v2\/posts"}],"about":[{"href":"https:\/\/salesianosmaux.es\/colegio\/wp-json\/wp\/v2\/types\/post"}],"author":[{"embeddable":true,"href":"https:\/\/salesianosmaux.es\/colegio\/wp-json\/wp\/v2\/users\/1"}],"replies":[{"embeddable":true,"href":"https:\/\/salesianosmaux.es\/colegio\/wp-json\/wp\/v2\/comments?post=9777"}],"version-history":[{"count":2,"href":"https:\/\/salesianosmaux.es\/colegio\/wp-json\/wp\/v2\/posts\/9777\/revisions"}],"predecessor-version":[{"id":9781,"href":"https:\/\/salesianosmaux.es\/colegio\/wp-json\/wp\/v2\/posts\/9777\/revisions\/9781"}],"wp:featuredmedia":[{"embeddable":true,"href":"https:\/\/salesianosmaux.es\/colegio\/wp-json\/wp\/v2\/media\/186"}],"wp:attachment":[{"href":"https:\/\/salesianosmaux.es\/colegio\/wp-json\/wp\/v2\/media?parent=9777"}],"wp:term":[{"taxonomy":"category","embeddable":true,"href":"https:\/\/salesianosmaux.es\/colegio\/wp-json\/wp\/v2\/categories?post=9777"},{"taxonomy":"post_tag","embeddable":true,"href":"https:\/\/salesianosmaux.es\/colegio\/wp-json\/wp\/v2\/tags?post=9777"}],"curies":[{"name":"wp","href":"https:\/\/api.w.org\/{rel}","templated":true}]}}