{"id":9963,"date":"2025-03-13T20:46:31","date_gmt":"2025-03-13T20:46:31","guid":{"rendered":"https:\/\/salesianosmaux.es\/colegio\/?p=9963"},"modified":"2026-08-31T07:56:25","modified_gmt":"2026-08-31T07:56:25","slug":"campeones-del-concurso-entreredes","status":"publish","type":"post","link":"https:\/\/salesianosmaux.es\/colegio\/2025\/03\/13\/campeones-del-concurso-entreredes\/","title":{"rendered":"Nuestros alumnos triunfan en la final provincial del concurso \u00abEntreredes\u00bb"},"content":{"rendered":"\n[et_pb_section fb_built=\u00bb1&#8243; theme_builder_area=\u00bbpost_content\u00bb _builder_version=\u00bb4.27.4&#8243; _module_preset=\u00bbdefault\u00bb][et_pb_row _builder_version=\u00bb4.27.4&#8243; _module_preset=\u00bbdefault\u00bb theme_builder_area=\u00bbpost_content\u00bb][et_pb_column _builder_version=\u00bb4.27.4&#8243; _module_preset=\u00bbdefault\u00bb type=\u00bb4_4&#8243; theme_builder_area=\u00bbpost_content\u00bb][et_pb_text _builder_version=\u00bb4.27.4&#8243; _module_preset=\u00bbdefault\u00bb theme_builder_area=\u00bbpost_content\u00bb hover_enabled=\u00bb0&#8243; sticky_enabled=\u00bb0&#8243;]<p data-start=\"178\" data-end=\"502\">El pasado <strong data-start=\"188\" data-end=\"221\">mi\u00e9rcoles 12 de marzo de 2025<\/strong>, alumnos del <strong data-start=\"235\" data-end=\"277\">Colegio Mar\u00eda Auxiliadora de Salamanca<\/strong> participaron en el concurso <strong data-start=\"306\" data-end=\"322\">\u00abEntreredes\u00bb<\/strong>, una iniciativa educativa inspirada en el cl\u00e1sico juego de mesa <strong data-start=\"387\" data-end=\"398\">Trivial<\/strong>, dise\u00f1ada para afianzar el conocimiento de las diferentes asignaturas de forma din\u00e1mica y motivadora.<\/p>\n<p data-start=\"504\" data-end=\"749\">Nuestra participaci\u00f3n estuvo representada por <strong data-start=\"550\" data-end=\"586\">cuatro equipos de cuatro alumnos<\/strong> de <strong data-start=\"590\" data-end=\"616\">1\u00ba, 2\u00ba, 3\u00ba y 4\u00ba de ESO<\/strong>, que, tras instalar la aplicaci\u00f3n en sus dispositivos, compitieron desde el aula contra otros colegios en la <strong data-start=\"726\" data-end=\"746\">final provincial<\/strong>.<\/p>\n<p data-start=\"751\" data-end=\"947\">Durante toda la ma\u00f1ana, de <strong data-start=\"778\" data-end=\"794\">9:30 a 13:30<\/strong>, nuestros alumnos participaron en partidas de <strong data-start=\"841\" data-end=\"855\">15 minutos<\/strong>, enfrent\u00e1ndose a estudiantes de <strong data-start=\"888\" data-end=\"928\">seis centros de educaci\u00f3n secundaria<\/strong> de la provincia.<\/p>\n<p data-start=\"949\" data-end=\"1352\">\ud83e\udd47 <strong data-start=\"952\" data-end=\"991\">\u00a11\u00ba de ESO, campeones provinciales!<\/strong><br data-start=\"991\" data-end=\"994\" \/>Nuestros alumnos de <strong data-start=\"1014\" data-end=\"1027\">1\u00ba de ESO<\/strong> fueron los encargados de abrir la competici\u00f3n y lograron proclamarse <strong data-start=\"1097\" data-end=\"1122\">ganadores en su nivel<\/strong>, lo que les permitir\u00e1 representar a la provincia en la <strong data-start=\"1178\" data-end=\"1198\">final auton\u00f3mica<\/strong>, que se celebrar\u00e1 en <strong data-start=\"1220\" data-end=\"1257\">Valladolid el pr\u00f3ximo 30 de abril<\/strong>, con la participaci\u00f3n de los mejores equipos de las <strong data-start=\"1310\" data-end=\"1349\">nueve provincias de Castilla y Le\u00f3n<\/strong>.<\/p>\n<p data-start=\"1354\" data-end=\"1627\">La jornada transcurri\u00f3 entre la emoci\u00f3n de la competici\u00f3n y la incertidumbre por los resultados en las diferentes categor\u00edas, en un <strong data-start=\"1486\" data-end=\"1529\">ambiente de compa\u00f1erismo y deportividad<\/strong>, donde no faltaron las <strong data-start=\"1553\" data-end=\"1624\">felicitaciones a los equipos ganadores y las fotos para el recuerdo<\/strong>.<\/p>\n<p data-start=\"1629\" data-end=\"1884\">\ud83d\udc4f <strong data-start=\"1632\" data-end=\"1726\">\u00a1Enhorabuena a todos nuestros alumnos por su esfuerzo, trabajo en equipo y gran desempe\u00f1o!<\/strong><br data-start=\"1726\" data-end=\"1729\" \/>Su dedicaci\u00f3n y el entrenamiento previo han dado sus frutos, y desde aqu\u00ed queremos felicitarles por su implicaci\u00f3n y los magn\u00edficos resultados obtenidos.<\/p>[\/et_pb_text][\/et_pb_column][\/et_pb_row][\/et_pb_section]\n","protected":false},"excerpt":{"rendered":"<p>El pasado mi\u00e9rcoles 12 de marzo de 2025, alumnos del Colegio Mar\u00eda Auxiliadora de Salamanca participaron en el concurso \u00abEntreredes\u00bb, una iniciativa educativa inspirada en el cl\u00e1sico juego de mesa Trivial, dise\u00f1ada para afianzar el conocimiento de las diferentes asignaturas de forma din\u00e1mica y motivadora. Nuestra participaci\u00f3n estuvo representada por cuatro equipos de cuatro alumnos [&hellip;]<\/p>\n","protected":false},"author":1,"featured_media":9964,"comment_status":"open","ping_status":"open","sticky":false,"template":"","format":"standard","meta":{"_et_pb_use_builder":"on","_et_pb_old_content":"","_et_gb_content_width":"","_joinchat":[],"footnotes":""},"categories":[59,53,56],"tags":[],"class_list":["post-9963","post","type-post","status-publish","format-standard","has-post-thumbnail","hentry","category-digitalizacion-tic","category-eso","category-premios-y-reconocimientos"],"yoast_head":"<!-- This site is optimized with the Yoast SEO plugin v28.4 - https:\/\/yoast.com\/product\/yoast-seo-wordpress\/ -->\n<title>Nuestros alumnos triunfan en la final provincial del concurso &quot;Entreredes&quot; - Colegio Mar\u00eda Auxiliadora<\/title>\n<meta name=\"robots\" content=\"index, follow, max-snippet:-1, max-image-preview:large, max-video-preview:-1\" \/>\n<link rel=\"canonical\" href=\"https:\/\/salesianosmaux.es\/colegio\/2025\/03\/13\/campeones-del-concurso-entreredes\/\" \/>\n<meta property=\"og:locale\" content=\"es_ES\" \/>\n<meta property=\"og:type\" content=\"article\" \/>\n<meta property=\"og:title\" content=\"Nuestros alumnos triunfan en la final provincial del concurso &quot;Entreredes&quot; - Colegio Mar\u00eda Auxiliadora\" \/>\n<meta property=\"og:description\" content=\"Te puede interesar...\" \/>\n<meta property=\"og:url\" content=\"https:\/\/salesianosmaux.es\/colegio\/2025\/03\/13\/campeones-del-concurso-entreredes\/\" \/>\n<meta property=\"og:site_name\" content=\"Colegio Mar\u00eda Auxiliadora\" \/>\n<meta property=\"article:published_time\" content=\"2025-03-13T20:46:31+00:00\" \/>\n<meta property=\"article:modified_time\" content=\"2026-08-31T07:56:25+00:00\" \/>\n<meta property=\"og:image\" content=\"https:\/\/salesianosmaux.es\/colegio\/wp-content\/uploads\/sites\/5\/2025\/03\/Salesianos_Maux_Salamanca_Entreredes_25.jpg\" \/>\n\t<meta property=\"og:image:width\" content=\"1600\" \/>\n\t<meta property=\"og:image:height\" content=\"1200\" \/>\n\t<meta property=\"og:image:type\" content=\"image\/jpeg\" \/>\n<meta name=\"author\" content=\"admin\" \/>\n<meta name=\"twitter:card\" content=\"summary_large_image\" \/>\n<meta name=\"twitter:label1\" content=\"Escrito por\" \/>\n\t<meta name=\"twitter:data1\" content=\"admin\" \/>\n\t<meta name=\"twitter:label2\" content=\"Tiempo de lectura\" \/>\n\t<meta name=\"twitter:data2\" content=\"2 minutos\" \/>\n<script type=\"application\/ld+json\" class=\"yoast-schema-graph\">{\"@context\":\"https:\\\/\\\/schema.org\",\"@graph\":[{\"@type\":\"Article\",\"@id\":\"https:\\\/\\\/salesianosmaux.es\\\/colegio\\\/2025\\\/03\\\/13\\\/campeones-del-concurso-entreredes\\\/#article\",\"isPartOf\":{\"@id\":\"https:\\\/\\\/salesianosmaux.es\\\/colegio\\\/2025\\\/03\\\/13\\\/campeones-del-concurso-entreredes\\\/\"},\"author\":{\"name\":\"admin\",\"@id\":\"https:\\\/\\\/salesianosmaux.es\\\/colegio\\\/#\\\/schema\\\/person\\\/9bd111fcfb5210d0fa466bfc8154b2f8\"},\"headline\":\"Nuestros alumnos triunfan en la final provincial del concurso \u00abEntreredes\u00bb\",\"datePublished\":\"2025-03-13T20:46:31+00:00\",\"dateModified\":\"2026-08-31T07:56:25+00:00\",\"mainEntityOfPage\":{\"@id\":\"https:\\\/\\\/salesianosmaux.es\\\/colegio\\\/2025\\\/03\\\/13\\\/campeones-del-concurso-entreredes\\\/\"},\"wordCount\":342,\"commentCount\":0,\"image\":{\"@id\":\"https:\\\/\\\/salesianosmaux.es\\\/colegio\\\/2025\\\/03\\\/13\\\/campeones-del-concurso-entreredes\\\/#primaryimage\"},\"thumbnailUrl\":\"https:\\\/\\\/salesianosmaux.es\\\/colegio\\\/wp-content\\\/uploads\\\/sites\\\/5\\\/2025\\\/03\\\/Salesianos_Maux_Salamanca_Entreredes_25.jpg\",\"articleSection\":[\"Digitalizaci\u00f3n y TIC\",\"ESO\",\"Premios y reconocimientos\"],\"inLanguage\":\"es\",\"potentialAction\":[{\"@type\":\"CommentAction\",\"name\":\"Comment\",\"target\":[\"https:\\\/\\\/salesianosmaux.es\\\/colegio\\\/2025\\\/03\\\/13\\\/campeones-del-concurso-entreredes\\\/#respond\"]}]},{\"@type\":\"WebPage\",\"@id\":\"https:\\\/\\\/salesianosmaux.es\\\/colegio\\\/2025\\\/03\\\/13\\\/campeones-del-concurso-entreredes\\\/\",\"url\":\"https:\\\/\\\/salesianosmaux.es\\\/colegio\\\/2025\\\/03\\\/13\\\/campeones-del-concurso-entreredes\\\/\",\"name\":\"Nuestros alumnos triunfan en la final provincial del concurso \\\"Entreredes\\\" - Colegio Mar\u00eda Auxiliadora\",\"isPartOf\":{\"@id\":\"https:\\\/\\\/salesianosmaux.es\\\/colegio\\\/#website\"},\"primaryImageOfPage\":{\"@id\":\"https:\\\/\\\/salesianosmaux.es\\\/colegio\\\/2025\\\/03\\\/13\\\/campeones-del-concurso-entreredes\\\/#primaryimage\"},\"image\":{\"@id\":\"https:\\\/\\\/salesianosmaux.es\\\/colegio\\\/2025\\\/03\\\/13\\\/campeones-del-concurso-entreredes\\\/#primaryimage\"},\"thumbnailUrl\":\"https:\\\/\\\/salesianosmaux.es\\\/colegio\\\/wp-content\\\/uploads\\\/sites\\\/5\\\/2025\\\/03\\\/Salesianos_Maux_Salamanca_Entreredes_25.jpg\",\"datePublished\":\"2025-03-13T20:46:31+00:00\",\"dateModified\":\"2026-08-31T07:56:25+00:00\",\"author\":{\"@id\":\"https:\\\/\\\/salesianosmaux.es\\\/colegio\\\/#\\\/schema\\\/person\\\/9bd111fcfb5210d0fa466bfc8154b2f8\"},\"breadcrumb\":{\"@id\":\"https:\\\/\\\/salesianosmaux.es\\\/colegio\\\/2025\\\/03\\\/13\\\/campeones-del-concurso-entreredes\\\/#breadcrumb\"},\"inLanguage\":\"es\",\"potentialAction\":[{\"@type\":\"ReadAction\",\"target\":[\"https:\\\/\\\/salesianosmaux.es\\\/colegio\\\/2025\\\/03\\\/13\\\/campeones-del-concurso-entreredes\\\/\"]}]},{\"@type\":\"ImageObject\",\"inLanguage\":\"es\",\"@id\":\"https:\\\/\\\/salesianosmaux.es\\\/colegio\\\/2025\\\/03\\\/13\\\/campeones-del-concurso-entreredes\\\/#primaryimage\",\"url\":\"https:\\\/\\\/salesianosmaux.es\\\/colegio\\\/wp-content\\\/uploads\\\/sites\\\/5\\\/2025\\\/03\\\/Salesianos_Maux_Salamanca_Entreredes_25.jpg\",\"contentUrl\":\"https:\\\/\\\/salesianosmaux.es\\\/colegio\\\/wp-content\\\/uploads\\\/sites\\\/5\\\/2025\\\/03\\\/Salesianos_Maux_Salamanca_Entreredes_25.jpg\",\"width\":1600,\"height\":1200},{\"@type\":\"BreadcrumbList\",\"@id\":\"https:\\\/\\\/salesianosmaux.es\\\/colegio\\\/2025\\\/03\\\/13\\\/campeones-del-concurso-entreredes\\\/#breadcrumb\",\"itemListElement\":[{\"@type\":\"ListItem\",\"position\":1,\"name\":\"Portada\",\"item\":\"https:\\\/\\\/salesianosmaux.es\\\/colegio\\\/\"},{\"@type\":\"ListItem\",\"position\":2,\"name\":\"Nuestros alumnos triunfan en la final provincial del concurso \u00abEntreredes\u00bb\"}]},{\"@type\":\"WebSite\",\"@id\":\"https:\\\/\\\/salesianosmaux.es\\\/colegio\\\/#website\",\"url\":\"https:\\\/\\\/salesianosmaux.es\\\/colegio\\\/\",\"name\":\"Colegio Mar\u00eda Auxiliadora\",\"description\":\"Colegio Mar\u00eda Auxiliadora\",\"potentialAction\":[{\"@type\":\"SearchAction\",\"target\":{\"@type\":\"EntryPoint\",\"urlTemplate\":\"https:\\\/\\\/salesianosmaux.es\\\/colegio\\\/?s={search_term_string}\"},\"query-input\":{\"@type\":\"PropertyValueSpecification\",\"valueRequired\":true,\"valueName\":\"search_term_string\"}}],\"inLanguage\":\"es\"},{\"@type\":\"Person\",\"@id\":\"https:\\\/\\\/salesianosmaux.es\\\/colegio\\\/#\\\/schema\\\/person\\\/9bd111fcfb5210d0fa466bfc8154b2f8\",\"name\":\"admin\",\"image\":{\"@type\":\"ImageObject\",\"inLanguage\":\"es\",\"@id\":\"https:\\\/\\\/secure.gravatar.com\\\/avatar\\\/09550e5c75cc821753a661f1c7f497ea1bbe9e394289f33e436a29a7df762242?s=96&d=mm&r=g\",\"url\":\"https:\\\/\\\/secure.gravatar.com\\\/avatar\\\/09550e5c75cc821753a661f1c7f497ea1bbe9e394289f33e436a29a7df762242?s=96&d=mm&r=g\",\"contentUrl\":\"https:\\\/\\\/secure.gravatar.com\\\/avatar\\\/09550e5c75cc821753a661f1c7f497ea1bbe9e394289f33e436a29a7df762242?s=96&d=mm&r=g\",\"caption\":\"admin\"},\"sameAs\":[\"https:\\\/\\\/salesianosmaux.es\"],\"url\":\"https:\\\/\\\/salesianosmaux.es\\\/colegio\\\/author\\\/salamanca_95jmwv72\\\/\"}]}<\/script>\n<!-- \/ Yoast SEO plugin. -->","yoast_head_json":{"title":"Nuestros alumnos triunfan en la final provincial del concurso \"Entreredes\" - Colegio Mar\u00eda Auxiliadora","robots":{"index":"index","follow":"follow","max-snippet":"max-snippet:-1","max-image-preview":"max-image-preview:large","max-video-preview":"max-video-preview:-1"},"canonical":"https:\/\/salesianosmaux.es\/colegio\/2025\/03\/13\/campeones-del-concurso-entreredes\/","og_locale":"es_ES","og_type":"article","og_title":"Nuestros alumnos triunfan en la final provincial del concurso \"Entreredes\" - Colegio Mar\u00eda Auxiliadora","og_description":"Te puede interesar...","og_url":"https:\/\/salesianosmaux.es\/colegio\/2025\/03\/13\/campeones-del-concurso-entreredes\/","og_site_name":"Colegio Mar\u00eda Auxiliadora","article_published_time":"2025-03-13T20:46:31+00:00","article_modified_time":"2026-08-31T07:56:25+00:00","og_image":[{"width":1600,"height":1200,"url":"https:\/\/salesianosmaux.es\/colegio\/wp-content\/uploads\/sites\/5\/2025\/03\/Salesianos_Maux_Salamanca_Entreredes_25.jpg","type":"image\/jpeg"}],"author":"admin","twitter_card":"summary_large_image","twitter_misc":{"Escrito por":"admin","Tiempo de lectura":"2 minutos"},"schema":{"@context":"https:\/\/schema.org","@graph":[{"@type":"Article","@id":"https:\/\/salesianosmaux.es\/colegio\/2025\/03\/13\/campeones-del-concurso-entreredes\/#article","isPartOf":{"@id":"https:\/\/salesianosmaux.es\/colegio\/2025\/03\/13\/campeones-del-concurso-entreredes\/"},"author":{"name":"admin","@id":"https:\/\/salesianosmaux.es\/colegio\/#\/schema\/person\/9bd111fcfb5210d0fa466bfc8154b2f8"},"headline":"Nuestros alumnos triunfan en la final provincial del concurso \u00abEntreredes\u00bb","datePublished":"2025-03-13T20:46:31+00:00","dateModified":"2026-08-31T07:56:25+00:00","mainEntityOfPage":{"@id":"https:\/\/salesianosmaux.es\/colegio\/2025\/03\/13\/campeones-del-concurso-entreredes\/"},"wordCount":342,"commentCount":0,"image":{"@id":"https:\/\/salesianosmaux.es\/colegio\/2025\/03\/13\/campeones-del-concurso-entreredes\/#primaryimage"},"thumbnailUrl":"https:\/\/salesianosmaux.es\/colegio\/wp-content\/uploads\/sites\/5\/2025\/03\/Salesianos_Maux_Salamanca_Entreredes_25.jpg","articleSection":["Digitalizaci\u00f3n y TIC","ESO","Premios y reconocimientos"],"inLanguage":"es","potentialAction":[{"@type":"CommentAction","name":"Comment","target":["https:\/\/salesianosmaux.es\/colegio\/2025\/03\/13\/campeones-del-concurso-entreredes\/#respond"]}]},{"@type":"WebPage","@id":"https:\/\/salesianosmaux.es\/colegio\/2025\/03\/13\/campeones-del-concurso-entreredes\/","url":"https:\/\/salesianosmaux.es\/colegio\/2025\/03\/13\/campeones-del-concurso-entreredes\/","name":"Nuestros alumnos triunfan en la final provincial del concurso \"Entreredes\" - Colegio Mar\u00eda Auxiliadora","isPartOf":{"@id":"https:\/\/salesianosmaux.es\/colegio\/#website"},"primaryImageOfPage":{"@id":"https:\/\/salesianosmaux.es\/colegio\/2025\/03\/13\/campeones-del-concurso-entreredes\/#primaryimage"},"image":{"@id":"https:\/\/salesianosmaux.es\/colegio\/2025\/03\/13\/campeones-del-concurso-entreredes\/#primaryimage"},"thumbnailUrl":"https:\/\/salesianosmaux.es\/colegio\/wp-content\/uploads\/sites\/5\/2025\/03\/Salesianos_Maux_Salamanca_Entreredes_25.jpg","datePublished":"2025-03-13T20:46:31+00:00","dateModified":"2026-08-31T07:56:25+00:00","author":{"@id":"https:\/\/salesianosmaux.es\/colegio\/#\/schema\/person\/9bd111fcfb5210d0fa466bfc8154b2f8"},"breadcrumb":{"@id":"https:\/\/salesianosmaux.es\/colegio\/2025\/03\/13\/campeones-del-concurso-entreredes\/#breadcrumb"},"inLanguage":"es","potentialAction":[{"@type":"ReadAction","target":["https:\/\/salesianosmaux.es\/colegio\/2025\/03\/13\/campeones-del-concurso-entreredes\/"]}]},{"@type":"ImageObject","inLanguage":"es","@id":"https:\/\/salesianosmaux.es\/colegio\/2025\/03\/13\/campeones-del-concurso-entreredes\/#primaryimage","url":"https:\/\/salesianosmaux.es\/colegio\/wp-content\/uploads\/sites\/5\/2025\/03\/Salesianos_Maux_Salamanca_Entreredes_25.jpg","contentUrl":"https:\/\/salesianosmaux.es\/colegio\/wp-content\/uploads\/sites\/5\/2025\/03\/Salesianos_Maux_Salamanca_Entreredes_25.jpg","width":1600,"height":1200},{"@type":"BreadcrumbList","@id":"https:\/\/salesianosmaux.es\/colegio\/2025\/03\/13\/campeones-del-concurso-entreredes\/#breadcrumb","itemListElement":[{"@type":"ListItem","position":1,"name":"Portada","item":"https:\/\/salesianosmaux.es\/colegio\/"},{"@type":"ListItem","position":2,"name":"Nuestros alumnos triunfan en la final provincial del concurso \u00abEntreredes\u00bb"}]},{"@type":"WebSite","@id":"https:\/\/salesianosmaux.es\/colegio\/#website","url":"https:\/\/salesianosmaux.es\/colegio\/","name":"Colegio Mar\u00eda Auxiliadora","description":"Colegio Mar\u00eda Auxiliadora","potentialAction":[{"@type":"SearchAction","target":{"@type":"EntryPoint","urlTemplate":"https:\/\/salesianosmaux.es\/colegio\/?s={search_term_string}"},"query-input":{"@type":"PropertyValueSpecification","valueRequired":true,"valueName":"search_term_string"}}],"inLanguage":"es"},{"@type":"Person","@id":"https:\/\/salesianosmaux.es\/colegio\/#\/schema\/person\/9bd111fcfb5210d0fa466bfc8154b2f8","name":"admin","image":{"@type":"ImageObject","inLanguage":"es","@id":"https:\/\/secure.gravatar.com\/avatar\/09550e5c75cc821753a661f1c7f497ea1bbe9e394289f33e436a29a7df762242?s=96&d=mm&r=g","url":"https:\/\/secure.gravatar.com\/avatar\/09550e5c75cc821753a661f1c7f497ea1bbe9e394289f33e436a29a7df762242?s=96&d=mm&r=g","contentUrl":"https:\/\/secure.gravatar.com\/avatar\/09550e5c75cc821753a661f1c7f497ea1bbe9e394289f33e436a29a7df762242?s=96&d=mm&r=g","caption":"admin"},"sameAs":["https:\/\/salesianosmaux.es"],"url":"https:\/\/salesianosmaux.es\/colegio\/author\/salamanca_95jmwv72\/"}]}},"_links":{"self":[{"href":"https:\/\/salesianosmaux.es\/colegio\/wp-json\/wp\/v2\/posts\/9963","targetHints":{"allow":["GET"]}}],"collection":[{"href":"https:\/\/salesianosmaux.es\/colegio\/wp-json\/wp\/v2\/posts"}],"about":[{"href":"https:\/\/salesianosmaux.es\/colegio\/wp-json\/wp\/v2\/types\/post"}],"author":[{"embeddable":true,"href":"https:\/\/salesianosmaux.es\/colegio\/wp-json\/wp\/v2\/users\/1"}],"replies":[{"embeddable":true,"href":"https:\/\/salesianosmaux.es\/colegio\/wp-json\/wp\/v2\/comments?post=9963"}],"version-history":[{"count":3,"href":"https:\/\/salesianosmaux.es\/colegio\/wp-json\/wp\/v2\/posts\/9963\/revisions"}],"predecessor-version":[{"id":9969,"href":"https:\/\/salesianosmaux.es\/colegio\/wp-json\/wp\/v2\/posts\/9963\/revisions\/9969"}],"wp:featuredmedia":[{"embeddable":true,"href":"https:\/\/salesianosmaux.es\/colegio\/wp-json\/wp\/v2\/media\/9964"}],"wp:attachment":[{"href":"https:\/\/salesianosmaux.es\/colegio\/wp-json\/wp\/v2\/media?parent=9963"}],"wp:term":[{"taxonomy":"category","embeddable":true,"href":"https:\/\/salesianosmaux.es\/colegio\/wp-json\/wp\/v2\/categories?post=9963"},{"taxonomy":"post_tag","embeddable":true,"href":"https:\/\/salesianosmaux.es\/colegio\/wp-json\/wp\/v2\/tags?post=9963"}],"curies":[{"name":"wp","href":"https:\/\/api.w.org\/{rel}","templated":true}]}}