{"id":353,"date":"2022-06-12T12:20:39","date_gmt":"2022-06-12T12:20:39","guid":{"rendered":"https:\/\/salesianosmaux.es\/parroquia\/?p=353"},"modified":"2022-06-13T20:38:09","modified_gmt":"2022-06-13T20:38:09","slug":"eucaristia-por-el-senor-de-los-milagros","status":"publish","type":"post","link":"https:\/\/salesianosmaux.es\/parroquia\/2022\/06\/12\/eucaristia-por-el-senor-de-los-milagros\/","title":{"rendered":"Eucarist\u00eda por el Se\u00f1or de los Milagros"},"content":{"rendered":"<p>[et_pb_section fb_built=\u00bb1&#8243; _builder_version=\u00bb4.17.4&#8243; _module_preset=\u00bbdefault\u00bb global_colors_info=\u00bb{}\u00bb theme_builder_area=\u00bbpost_content\u00bb][et_pb_row _builder_version=\u00bb4.17.4&#8243; _module_preset=\u00bbdefault\u00bb global_colors_info=\u00bb{}\u00bb theme_builder_area=\u00bbpost_content\u00bb][et_pb_column type=\u00bb4_4&#8243; _builder_version=\u00bb4.17.4&#8243; _module_preset=\u00bbdefault\u00bb global_colors_info=\u00bb{}\u00bb theme_builder_area=\u00bbpost_content\u00bb][et_pb_text _builder_version=\u00bb4.17.4&#8243; _module_preset=\u00bbdefault\u00bb global_colors_info=\u00bb{}\u00bb theme_builder_area=\u00bbpost_content\u00bb]<\/p>\n<p style=\"text-align: justify;\"><span style=\"color: #333333;\">El 11 de junio se celebr\u00f3 en nuestro Santuario Eucarist\u00eda con la presencia de los Hermanos de la Hermandad \u00a0del Se\u00f1or de los Milagros de Per\u00fa.<\/p>\n<p><\/span><span style=\"color: #202122;\"><span>El\u00a0<b>Se\u00f1or de Pachacamilla<\/b>, m\u00e1s com\u00fanmente llamado\u00a0<b>Se\u00f1or de los Milagros<\/b>, es una imagen de Jesucristo originalmente pintada en una pared de adobe, ubicada tras el Altar Mayor del\u00a0<\/span><\/span><span><a href=\"https:\/\/es.m.wikipedia.org\/wiki\/Santuario_y_Monasterio_de_Las_Nazarenas\"><span style=\"color: #6b4ba1;\">santuario de Las Nazarenas<\/span><\/a><span style=\"color: #6b4ba1;\"><\/span><span style=\"color: #202122;\">\u00a0de\u00a0<\/span><a href=\"https:\/\/es.m.wikipedia.org\/wiki\/Lima\"><span style=\"color: #6b4ba1;\">Lima<\/span><\/a><span style=\"color: #6b4ba1;\"><\/span><span style=\"color: #202122;\">\u00a0(<\/span><a href=\"https:\/\/es.m.wikipedia.org\/wiki\/Per%C3%BA\"><span style=\"color: #6b4ba1;\">Per\u00fa<\/span><\/a><span style=\"color: #6b4ba1;\"><\/span><span style=\"color: #202122;\">) y venerada en Lima y diversas partes del mundo. La imagen fue pintada durante el siglo XVI por un esclavo originario de\u00a0<\/span><a href=\"https:\/\/es.m.wikipedia.org\/wiki\/Angola\"><span style=\"color: #6b4ba1;\">Angola <\/span><\/a><span style=\"color: #6b4ba1;\"><\/span><span style=\"color: #202122;\">que fue llevado al Per\u00fa.<\/span><\/span><\/p>\n<p>[\/et_pb_text][et_pb_image src=\u00bbhttps:\/\/salesianosmaux.es\/parroquia\/wp-content\/uploads\/sites\/8\/2022\/06\/IMG_9159-scaled.jpg\u00bb _builder_version=\u00bb4.17.4&#8243; _module_preset=\u00bbdefault\u00bb theme_builder_area=\u00bbpost_content\u00bb hover_enabled=\u00bb0&#8243; sticky_enabled=\u00bb0&#8243; title_text=\u00bbIMG_9159&#8243;][\/et_pb_image][\/et_pb_column][\/et_pb_row][\/et_pb_section]<\/p>\n","protected":false},"excerpt":{"rendered":"<p>El 11 de junio se celebr\u00f3 en nuestro Santuario Eucarist\u00eda con la presencia de los Hermanos de la Hermandad del Se\u00f1or de los Milagros de Per\u00fa.<\/p>\n<p>El\u00a0Se\u00f1or de Pachacamilla, m\u00e1s com\u00fanmente llamado\u00a0Se\u00f1or de los Milagros, es una imagen de Jesucristo originalmente pintada en una pared de adobe, ubicada tras el Altar Mayor del\u00a0santuario de Las Nazarenas\u00a0de\u00a0Lima\u00a0(Per\u00fa) y venerada en Lima y diversas partes del mundo. La imagen fue pintada durante el siglo XVI por un esclavo originario de\u00a0Angola que fue llevado al Per\u00fa.<\/p>\n","protected":false},"author":1,"featured_media":360,"comment_status":"open","ping_status":"open","sticky":false,"template":"","format":"standard","meta":{"_et_pb_use_builder":"on","_et_pb_old_content":"","_et_gb_content_width":"","footnotes":""},"categories":[12],"tags":[],"class_list":["post-353","post","type-post","status-publish","format-standard","has-post-thumbnail","hentry","category-parroquia"],"yoast_head":"<!-- This site is optimized with the Yoast SEO plugin v28.3 - https:\/\/yoast.com\/product\/yoast-seo-wordpress\/ -->\n<title>Eucarist\u00eda por el Se\u00f1or de los Milagros - Parroquia Mar\u00eda Auxiliadora<\/title>\n<meta name=\"robots\" content=\"index, follow, max-snippet:-1, max-image-preview:large, max-video-preview:-1\" \/>\n<link rel=\"canonical\" href=\"https:\/\/salesianosmaux.es\/parroquia\/2022\/06\/12\/eucaristia-por-el-senor-de-los-milagros\/\" \/>\n<meta property=\"og:locale\" content=\"es_ES\" \/>\n<meta property=\"og:type\" content=\"article\" \/>\n<meta property=\"og:title\" content=\"Eucarist\u00eda por el Se\u00f1or de los Milagros - Parroquia Mar\u00eda Auxiliadora\" \/>\n<meta property=\"og:description\" content=\"El 11 de junio se celebr\u00f3 en nuestro Santuario Eucarist\u00eda con la presencia de los Hermanos de la Hermandad del Se\u00f1or de los Milagros de Per\u00fa. El\u00a0Se\u00f1or de Pachacamilla, m\u00e1s com\u00fanmente llamado\u00a0Se\u00f1or de los Milagros, es una imagen de Jesucristo originalmente pintada en una pared de adobe, ubicada tras el Altar Mayor del\u00a0santuario de Las Nazarenas\u00a0de\u00a0Lima\u00a0(Per\u00fa) y venerada en Lima y diversas partes del mundo. La imagen fue pintada durante el siglo XVI por un esclavo originario de\u00a0Angola que fue llevado al Per\u00fa.\" \/>\n<meta property=\"og:url\" content=\"https:\/\/salesianosmaux.es\/parroquia\/2022\/06\/12\/eucaristia-por-el-senor-de-los-milagros\/\" \/>\n<meta property=\"og:site_name\" content=\"Parroquia Mar\u00eda Auxiliadora\" \/>\n<meta property=\"article:published_time\" content=\"2022-06-12T12:20:39+00:00\" \/>\n<meta property=\"article:modified_time\" content=\"2022-06-13T20:38:09+00:00\" \/>\n<meta property=\"og:image\" content=\"https:\/\/salesianosmaux.es\/parroquia\/wp-content\/uploads\/sites\/8\/2022\/06\/22SenorMilagros.jpg\" \/>\n\t<meta property=\"og:image:width\" content=\"1600\" \/>\n\t<meta property=\"og:image:height\" content=\"757\" \/>\n\t<meta property=\"og:image:type\" content=\"image\/jpeg\" \/>\n<meta name=\"author\" content=\"admin\" \/>\n<meta name=\"twitter:card\" content=\"summary_large_image\" \/>\n<meta name=\"twitter:label1\" content=\"Escrito por\" \/>\n\t<meta name=\"twitter:data1\" content=\"admin\" \/>\n\t<meta name=\"twitter:label2\" content=\"Tiempo de lectura\" \/>\n\t<meta name=\"twitter:data2\" content=\"1 minuto\" \/>\n<script type=\"application\/ld+json\" class=\"yoast-schema-graph\">{\"@context\":\"https:\\\/\\\/schema.org\",\"@graph\":[{\"@type\":\"Article\",\"@id\":\"https:\\\/\\\/salesianosmaux.es\\\/parroquia\\\/2022\\\/06\\\/12\\\/eucaristia-por-el-senor-de-los-milagros\\\/#article\",\"isPartOf\":{\"@id\":\"https:\\\/\\\/salesianosmaux.es\\\/parroquia\\\/2022\\\/06\\\/12\\\/eucaristia-por-el-senor-de-los-milagros\\\/\"},\"author\":{\"name\":\"admin\",\"@id\":\"https:\\\/\\\/salesianosmaux.es\\\/parroquia\\\/#\\\/schema\\\/person\\\/9bd111fcfb5210d0fa466bfc8154b2f8\"},\"headline\":\"Eucarist\u00eda por el Se\u00f1or de los Milagros\",\"datePublished\":\"2022-06-12T12:20:39+00:00\",\"dateModified\":\"2022-06-13T20:38:09+00:00\",\"mainEntityOfPage\":{\"@id\":\"https:\\\/\\\/salesianosmaux.es\\\/parroquia\\\/2022\\\/06\\\/12\\\/eucaristia-por-el-senor-de-los-milagros\\\/\"},\"wordCount\":217,\"commentCount\":0,\"image\":{\"@id\":\"https:\\\/\\\/salesianosmaux.es\\\/parroquia\\\/2022\\\/06\\\/12\\\/eucaristia-por-el-senor-de-los-milagros\\\/#primaryimage\"},\"thumbnailUrl\":\"https:\\\/\\\/salesianosmaux.es\\\/parroquia\\\/wp-content\\\/uploads\\\/sites\\\/8\\\/2022\\\/06\\\/22SenorMilagros.jpg\",\"articleSection\":[\"Parroquia\"],\"inLanguage\":\"es\",\"potentialAction\":[{\"@type\":\"CommentAction\",\"name\":\"Comment\",\"target\":[\"https:\\\/\\\/salesianosmaux.es\\\/parroquia\\\/2022\\\/06\\\/12\\\/eucaristia-por-el-senor-de-los-milagros\\\/#respond\"]}]},{\"@type\":\"WebPage\",\"@id\":\"https:\\\/\\\/salesianosmaux.es\\\/parroquia\\\/2022\\\/06\\\/12\\\/eucaristia-por-el-senor-de-los-milagros\\\/\",\"url\":\"https:\\\/\\\/salesianosmaux.es\\\/parroquia\\\/2022\\\/06\\\/12\\\/eucaristia-por-el-senor-de-los-milagros\\\/\",\"name\":\"Eucarist\u00eda por el Se\u00f1or de los Milagros - Parroquia Mar\u00eda Auxiliadora\",\"isPartOf\":{\"@id\":\"https:\\\/\\\/salesianosmaux.es\\\/parroquia\\\/#website\"},\"primaryImageOfPage\":{\"@id\":\"https:\\\/\\\/salesianosmaux.es\\\/parroquia\\\/2022\\\/06\\\/12\\\/eucaristia-por-el-senor-de-los-milagros\\\/#primaryimage\"},\"image\":{\"@id\":\"https:\\\/\\\/salesianosmaux.es\\\/parroquia\\\/2022\\\/06\\\/12\\\/eucaristia-por-el-senor-de-los-milagros\\\/#primaryimage\"},\"thumbnailUrl\":\"https:\\\/\\\/salesianosmaux.es\\\/parroquia\\\/wp-content\\\/uploads\\\/sites\\\/8\\\/2022\\\/06\\\/22SenorMilagros.jpg\",\"datePublished\":\"2022-06-12T12:20:39+00:00\",\"dateModified\":\"2022-06-13T20:38:09+00:00\",\"author\":{\"@id\":\"https:\\\/\\\/salesianosmaux.es\\\/parroquia\\\/#\\\/schema\\\/person\\\/9bd111fcfb5210d0fa466bfc8154b2f8\"},\"breadcrumb\":{\"@id\":\"https:\\\/\\\/salesianosmaux.es\\\/parroquia\\\/2022\\\/06\\\/12\\\/eucaristia-por-el-senor-de-los-milagros\\\/#breadcrumb\"},\"inLanguage\":\"es\",\"potentialAction\":[{\"@type\":\"ReadAction\",\"target\":[\"https:\\\/\\\/salesianosmaux.es\\\/parroquia\\\/2022\\\/06\\\/12\\\/eucaristia-por-el-senor-de-los-milagros\\\/\"]}]},{\"@type\":\"ImageObject\",\"inLanguage\":\"es\",\"@id\":\"https:\\\/\\\/salesianosmaux.es\\\/parroquia\\\/2022\\\/06\\\/12\\\/eucaristia-por-el-senor-de-los-milagros\\\/#primaryimage\",\"url\":\"https:\\\/\\\/salesianosmaux.es\\\/parroquia\\\/wp-content\\\/uploads\\\/sites\\\/8\\\/2022\\\/06\\\/22SenorMilagros.jpg\",\"contentUrl\":\"https:\\\/\\\/salesianosmaux.es\\\/parroquia\\\/wp-content\\\/uploads\\\/sites\\\/8\\\/2022\\\/06\\\/22SenorMilagros.jpg\",\"width\":1600,\"height\":757},{\"@type\":\"BreadcrumbList\",\"@id\":\"https:\\\/\\\/salesianosmaux.es\\\/parroquia\\\/2022\\\/06\\\/12\\\/eucaristia-por-el-senor-de-los-milagros\\\/#breadcrumb\",\"itemListElement\":[{\"@type\":\"ListItem\",\"position\":1,\"name\":\"Portada\",\"item\":\"https:\\\/\\\/salesianosmaux.es\\\/parroquia\\\/\"},{\"@type\":\"ListItem\",\"position\":2,\"name\":\"Eucarist\u00eda por el Se\u00f1or de los Milagros\"}]},{\"@type\":\"WebSite\",\"@id\":\"https:\\\/\\\/salesianosmaux.es\\\/parroquia\\\/#website\",\"url\":\"https:\\\/\\\/salesianosmaux.es\\\/parroquia\\\/\",\"name\":\"Parroquia Mar\u00eda Auxiliadora\",\"description\":\"\",\"potentialAction\":[{\"@type\":\"SearchAction\",\"target\":{\"@type\":\"EntryPoint\",\"urlTemplate\":\"https:\\\/\\\/salesianosmaux.es\\\/parroquia\\\/?s={search_term_string}\"},\"query-input\":{\"@type\":\"PropertyValueSpecification\",\"valueRequired\":true,\"valueName\":\"search_term_string\"}}],\"inLanguage\":\"es\"},{\"@type\":\"Person\",\"@id\":\"https:\\\/\\\/salesianosmaux.es\\\/parroquia\\\/#\\\/schema\\\/person\\\/9bd111fcfb5210d0fa466bfc8154b2f8\",\"name\":\"admin\",\"image\":{\"@type\":\"ImageObject\",\"inLanguage\":\"es\",\"@id\":\"https:\\\/\\\/secure.gravatar.com\\\/avatar\\\/09550e5c75cc821753a661f1c7f497ea1bbe9e394289f33e436a29a7df762242?s=96&d=mm&r=g\",\"url\":\"https:\\\/\\\/secure.gravatar.com\\\/avatar\\\/09550e5c75cc821753a661f1c7f497ea1bbe9e394289f33e436a29a7df762242?s=96&d=mm&r=g\",\"contentUrl\":\"https:\\\/\\\/secure.gravatar.com\\\/avatar\\\/09550e5c75cc821753a661f1c7f497ea1bbe9e394289f33e436a29a7df762242?s=96&d=mm&r=g\",\"caption\":\"admin\"},\"sameAs\":[\"https:\\\/\\\/salesianosmaux.es\"],\"url\":\"https:\\\/\\\/salesianosmaux.es\\\/parroquia\\\/author\\\/salamanca_95jmwv72\\\/\"}]}<\/script>\n<!-- \/ Yoast SEO plugin. -->","yoast_head_json":{"title":"Eucarist\u00eda por el Se\u00f1or de los Milagros - Parroquia Mar\u00eda Auxiliadora","robots":{"index":"index","follow":"follow","max-snippet":"max-snippet:-1","max-image-preview":"max-image-preview:large","max-video-preview":"max-video-preview:-1"},"canonical":"https:\/\/salesianosmaux.es\/parroquia\/2022\/06\/12\/eucaristia-por-el-senor-de-los-milagros\/","og_locale":"es_ES","og_type":"article","og_title":"Eucarist\u00eda por el Se\u00f1or de los Milagros - Parroquia Mar\u00eda Auxiliadora","og_description":"El 11 de junio se celebr\u00f3 en nuestro Santuario Eucarist\u00eda con la presencia de los Hermanos de la Hermandad del Se\u00f1or de los Milagros de Per\u00fa. El\u00a0Se\u00f1or de Pachacamilla, m\u00e1s com\u00fanmente llamado\u00a0Se\u00f1or de los Milagros, es una imagen de Jesucristo originalmente pintada en una pared de adobe, ubicada tras el Altar Mayor del\u00a0santuario de Las Nazarenas\u00a0de\u00a0Lima\u00a0(Per\u00fa) y venerada en Lima y diversas partes del mundo. La imagen fue pintada durante el siglo XVI por un esclavo originario de\u00a0Angola que fue llevado al Per\u00fa.","og_url":"https:\/\/salesianosmaux.es\/parroquia\/2022\/06\/12\/eucaristia-por-el-senor-de-los-milagros\/","og_site_name":"Parroquia Mar\u00eda Auxiliadora","article_published_time":"2022-06-12T12:20:39+00:00","article_modified_time":"2022-06-13T20:38:09+00:00","og_image":[{"width":1600,"height":757,"url":"https:\/\/salesianosmaux.es\/parroquia\/wp-content\/uploads\/sites\/8\/2022\/06\/22SenorMilagros.jpg","type":"image\/jpeg"}],"author":"admin","twitter_card":"summary_large_image","twitter_misc":{"Escrito por":"admin","Tiempo de lectura":"1 minuto"},"schema":{"@context":"https:\/\/schema.org","@graph":[{"@type":"Article","@id":"https:\/\/salesianosmaux.es\/parroquia\/2022\/06\/12\/eucaristia-por-el-senor-de-los-milagros\/#article","isPartOf":{"@id":"https:\/\/salesianosmaux.es\/parroquia\/2022\/06\/12\/eucaristia-por-el-senor-de-los-milagros\/"},"author":{"name":"admin","@id":"https:\/\/salesianosmaux.es\/parroquia\/#\/schema\/person\/9bd111fcfb5210d0fa466bfc8154b2f8"},"headline":"Eucarist\u00eda por el Se\u00f1or de los Milagros","datePublished":"2022-06-12T12:20:39+00:00","dateModified":"2022-06-13T20:38:09+00:00","mainEntityOfPage":{"@id":"https:\/\/salesianosmaux.es\/parroquia\/2022\/06\/12\/eucaristia-por-el-senor-de-los-milagros\/"},"wordCount":217,"commentCount":0,"image":{"@id":"https:\/\/salesianosmaux.es\/parroquia\/2022\/06\/12\/eucaristia-por-el-senor-de-los-milagros\/#primaryimage"},"thumbnailUrl":"https:\/\/salesianosmaux.es\/parroquia\/wp-content\/uploads\/sites\/8\/2022\/06\/22SenorMilagros.jpg","articleSection":["Parroquia"],"inLanguage":"es","potentialAction":[{"@type":"CommentAction","name":"Comment","target":["https:\/\/salesianosmaux.es\/parroquia\/2022\/06\/12\/eucaristia-por-el-senor-de-los-milagros\/#respond"]}]},{"@type":"WebPage","@id":"https:\/\/salesianosmaux.es\/parroquia\/2022\/06\/12\/eucaristia-por-el-senor-de-los-milagros\/","url":"https:\/\/salesianosmaux.es\/parroquia\/2022\/06\/12\/eucaristia-por-el-senor-de-los-milagros\/","name":"Eucarist\u00eda por el Se\u00f1or de los Milagros - Parroquia Mar\u00eda Auxiliadora","isPartOf":{"@id":"https:\/\/salesianosmaux.es\/parroquia\/#website"},"primaryImageOfPage":{"@id":"https:\/\/salesianosmaux.es\/parroquia\/2022\/06\/12\/eucaristia-por-el-senor-de-los-milagros\/#primaryimage"},"image":{"@id":"https:\/\/salesianosmaux.es\/parroquia\/2022\/06\/12\/eucaristia-por-el-senor-de-los-milagros\/#primaryimage"},"thumbnailUrl":"https:\/\/salesianosmaux.es\/parroquia\/wp-content\/uploads\/sites\/8\/2022\/06\/22SenorMilagros.jpg","datePublished":"2022-06-12T12:20:39+00:00","dateModified":"2022-06-13T20:38:09+00:00","author":{"@id":"https:\/\/salesianosmaux.es\/parroquia\/#\/schema\/person\/9bd111fcfb5210d0fa466bfc8154b2f8"},"breadcrumb":{"@id":"https:\/\/salesianosmaux.es\/parroquia\/2022\/06\/12\/eucaristia-por-el-senor-de-los-milagros\/#breadcrumb"},"inLanguage":"es","potentialAction":[{"@type":"ReadAction","target":["https:\/\/salesianosmaux.es\/parroquia\/2022\/06\/12\/eucaristia-por-el-senor-de-los-milagros\/"]}]},{"@type":"ImageObject","inLanguage":"es","@id":"https:\/\/salesianosmaux.es\/parroquia\/2022\/06\/12\/eucaristia-por-el-senor-de-los-milagros\/#primaryimage","url":"https:\/\/salesianosmaux.es\/parroquia\/wp-content\/uploads\/sites\/8\/2022\/06\/22SenorMilagros.jpg","contentUrl":"https:\/\/salesianosmaux.es\/parroquia\/wp-content\/uploads\/sites\/8\/2022\/06\/22SenorMilagros.jpg","width":1600,"height":757},{"@type":"BreadcrumbList","@id":"https:\/\/salesianosmaux.es\/parroquia\/2022\/06\/12\/eucaristia-por-el-senor-de-los-milagros\/#breadcrumb","itemListElement":[{"@type":"ListItem","position":1,"name":"Portada","item":"https:\/\/salesianosmaux.es\/parroquia\/"},{"@type":"ListItem","position":2,"name":"Eucarist\u00eda por el Se\u00f1or de los Milagros"}]},{"@type":"WebSite","@id":"https:\/\/salesianosmaux.es\/parroquia\/#website","url":"https:\/\/salesianosmaux.es\/parroquia\/","name":"Parroquia Mar\u00eda Auxiliadora","description":"","potentialAction":[{"@type":"SearchAction","target":{"@type":"EntryPoint","urlTemplate":"https:\/\/salesianosmaux.es\/parroquia\/?s={search_term_string}"},"query-input":{"@type":"PropertyValueSpecification","valueRequired":true,"valueName":"search_term_string"}}],"inLanguage":"es"},{"@type":"Person","@id":"https:\/\/salesianosmaux.es\/parroquia\/#\/schema\/person\/9bd111fcfb5210d0fa466bfc8154b2f8","name":"admin","image":{"@type":"ImageObject","inLanguage":"es","@id":"https:\/\/secure.gravatar.com\/avatar\/09550e5c75cc821753a661f1c7f497ea1bbe9e394289f33e436a29a7df762242?s=96&d=mm&r=g","url":"https:\/\/secure.gravatar.com\/avatar\/09550e5c75cc821753a661f1c7f497ea1bbe9e394289f33e436a29a7df762242?s=96&d=mm&r=g","contentUrl":"https:\/\/secure.gravatar.com\/avatar\/09550e5c75cc821753a661f1c7f497ea1bbe9e394289f33e436a29a7df762242?s=96&d=mm&r=g","caption":"admin"},"sameAs":["https:\/\/salesianosmaux.es"],"url":"https:\/\/salesianosmaux.es\/parroquia\/author\/salamanca_95jmwv72\/"}]}},"_links":{"self":[{"href":"https:\/\/salesianosmaux.es\/parroquia\/wp-json\/wp\/v2\/posts\/353","targetHints":{"allow":["GET"]}}],"collection":[{"href":"https:\/\/salesianosmaux.es\/parroquia\/wp-json\/wp\/v2\/posts"}],"about":[{"href":"https:\/\/salesianosmaux.es\/parroquia\/wp-json\/wp\/v2\/types\/post"}],"author":[{"embeddable":true,"href":"https:\/\/salesianosmaux.es\/parroquia\/wp-json\/wp\/v2\/users\/1"}],"replies":[{"embeddable":true,"href":"https:\/\/salesianosmaux.es\/parroquia\/wp-json\/wp\/v2\/comments?post=353"}],"version-history":[{"count":5,"href":"https:\/\/salesianosmaux.es\/parroquia\/wp-json\/wp\/v2\/posts\/353\/revisions"}],"predecessor-version":[{"id":363,"href":"https:\/\/salesianosmaux.es\/parroquia\/wp-json\/wp\/v2\/posts\/353\/revisions\/363"}],"wp:featuredmedia":[{"embeddable":true,"href":"https:\/\/salesianosmaux.es\/parroquia\/wp-json\/wp\/v2\/media\/360"}],"wp:attachment":[{"href":"https:\/\/salesianosmaux.es\/parroquia\/wp-json\/wp\/v2\/media?parent=353"}],"wp:term":[{"taxonomy":"category","embeddable":true,"href":"https:\/\/salesianosmaux.es\/parroquia\/wp-json\/wp\/v2\/categories?post=353"},{"taxonomy":"post_tag","embeddable":true,"href":"https:\/\/salesianosmaux.es\/parroquia\/wp-json\/wp\/v2\/tags?post=353"}],"curies":[{"name":"wp","href":"https:\/\/api.w.org\/{rel}","templated":true}]}}