{"id":385,"date":"2022-06-26T14:50:07","date_gmt":"2022-06-26T14:50:07","guid":{"rendered":"https:\/\/salesianosmaux.es\/parroquia\/?p=385"},"modified":"2022-06-26T14:50:08","modified_gmt":"2022-06-26T14:50:08","slug":"homenaje-al-martir-ledesmino-fernando-hernandez-en-el-dia-del-misionero-salmantino","status":"publish","type":"post","link":"https:\/\/salesianosmaux.es\/parroquia\/2022\/06\/26\/homenaje-al-martir-ledesmino-fernando-hernandez-en-el-dia-del-misionero-salmantino\/","title":{"rendered":"Homenaje al m\u00e1rtir ledesmino, Fernando Hern\u00e1ndez, en el D\u00eda del misionero salmantino"},"content":{"rendered":"<p>[et_pb_section fb_built=\u00bb1&#8243; theme_builder_area=\u00bbpost_content\u00bb _builder_version=\u00bb4.17.4&#8243; _module_preset=\u00bbdefault\u00bb][et_pb_row _builder_version=\u00bb4.17.4&#8243; _module_preset=\u00bbdefault\u00bb theme_builder_area=\u00bbpost_content\u00bb][et_pb_column _builder_version=\u00bb4.17.4&#8243; _module_preset=\u00bbdefault\u00bb type=\u00bb4_4&#8243; theme_builder_area=\u00bbpost_content\u00bb][et_pb_text _builder_version=\u00bb4.17.4&#8243; _module_preset=\u00bbdefault\u00bb theme_builder_area=\u00bbpost_content\u00bb hover_enabled=\u00bb0&#8243; sticky_enabled=\u00bb0&#8243;]<\/p>\n<p style=\"text-align: justify;\">El <strong>s\u00e1bado, 2 de julio<\/strong>,\u00a0 se va a celebrar el <strong>D\u00eda del Misionero salmantino<\/strong>, una jornada para agradecer la gran labor que realizan cerca de 250 misioneros que han nacido en esta tierra y se encuentran esparcidos por todo el mundo al servicio del evangelio y de las comunidades m\u00e1s necesitadas.<\/p>\n<p style=\"text-align: justify;\">Tras dos a\u00f1os sin poder celebrarse por causa de la pandemia, se retoma esta jornada de encuentro y convivencia festiva, organizada por las delegaciones de Misiones de las Di\u00f3cesis de Ciudad Rodrigo y Salamanca. En esta ocasi\u00f3n, se va a celebrar en<strong> Ledesma<\/strong>, y servir\u00e1 para dar gracias a Dios por la vida del misionero salesiano, <strong>Fernando Hern\u00e1ndez<\/strong> (Ledesma, 8 de abril de 1959 \u2013 Burkina Faso, 17 de mayo de 2019), natural de esta localidad y asesinado hace tres a\u00f1os en la obra salesiana de Bobo Diuoulasso, en Burkina Faso.<\/p>\n<p style=\"text-align: justify;\">Hern\u00e1ndez curs\u00f3 estudios de Formaci\u00f3n Profesional en Urnieta (Guipuzkoa), donde su familia emigr\u00f3 cuando \u00e9l era joven. Despu\u00e9s, respondiendo a la vocaci\u00f3n salesiana, realiz\u00f3 estudios de Filosof\u00eda y Teolog\u00eda, orden\u00e1ndose sacerdote en Santander y fue destinado como misionero a <strong>Ben\u00edn<\/strong>. Su vida estuvo ligada al desarrollo de las diferentes obras de la Inspector\u00eda Salesiana de<strong> \u00c1frica Occidental Franc\u00f3fona (AFO),<\/strong> en las que trabaj\u00f3 por el impulso de la Formaci\u00f3n Profesional.<\/p>\n<p style=\"text-align: justify;\">Este misionero hab\u00eda expresado en numerosas ocasiones su deseo de permanecer en \u00c1frica, incluso despu\u00e9s de muerto. Por eso, su funeral y sepelio tuvieron lugar all\u00ed.<\/p>\n<p style=\"text-align: justify;\">\n<h2 style=\"text-align: justify;\">Jornada de encuetro y convivencia<\/h2>\n<p style=\"text-align: justify;\">El responsable del Servicio diocesano de Misiones, <strong>Jos\u00e9 Miguel Gonz\u00e1lez<\/strong>, invita \u201ca los misioneros y misioneras, familiares y amigos\u201d y todos los que deseen participar en esta jornada festiva, que dar\u00e1 comienzo en la parroquia de Ledesma con la celebraci\u00f3n de una <strong>eucarist\u00eda<\/strong>, a las doce del mediod\u00eda. Seguidamente, est\u00e1 prevista una <strong>conferencia<\/strong> a cargo del <strong>P. \u00c1ngel Astorgano Ruiz<\/strong>, director de la casa de salesianos de Mar\u00eda Auxiliadora de Salamanca, \u201cque recordar\u00e1 la figura de <strong>Fernando Hern\u00e1ndez,<\/strong> y se escuchar\u00e1n los testimonios de otros misioneros y misioneras de Am\u00e9rica, \u00c1frica, e incluso de Asia, que est\u00e1n en estos d\u00edas entre nosotros\u201d, como indica Gonz\u00e1lez.<\/p>\n<p style=\"text-align: justify;\">Tras la comida, en un restaurante de la localidad, los asistentes concluir\u00e1n la jornada con paseo tur\u00edstico por la ciudad de Ledesma.<\/p>\n<p style=\"text-align: justify;\">Para facilitar la participaci\u00f3n, el Servicio diocesano de Misiones ha dispuesto un <strong>autob\u00fas,<\/strong> que partir\u00e1 a las 10:00 horas, desde la parada de autob\u00fas de la plaza de Gabriel y Gal\u00e1n, en la avenida de Mirat. El regreso hacia Salamanca ser\u00e1 en torno a las 17:00 horas.<\/p>\n<p style=\"text-align: justify;\">Los interesados en participar pueden <strong>inscribirse, hasta el 29 de junio<\/strong>, en la sede del Servicio diocesano de Misiones (c\/ Zamora, 50 1\u00baC) o en el tel\u00e9fono 923 21 49 15. El precio de la comida y el traslado en autob\u00fas, es de <strong>28 euros<\/strong>.<\/p>\n<p>[\/et_pb_text][\/et_pb_column][\/et_pb_row][\/et_pb_section]<\/p>\n","protected":false},"excerpt":{"rendered":"<p>Se celebrar\u00e1 el s\u00e1bado, 2 de julio, en Ledesma, y van participar misioneros y misioneras de las di\u00f3cesis de Ciudad Rodrigo y Salamanca, amigos y familiares de las misiones. En esta ocasi\u00f3n, recordar\u00e1n la vida del salesiano ledesmino asesinado en Burkina Faso en 2019<\/p>\n","protected":false},"author":1,"featured_media":386,"comment_status":"open","ping_status":"open","sticky":false,"template":"","format":"standard","meta":{"_et_pb_use_builder":"on","_et_pb_old_content":"","_et_gb_content_width":"","footnotes":""},"categories":[12],"tags":[],"class_list":["post-385","post","type-post","status-publish","format-standard","has-post-thumbnail","hentry","category-parroquia"],"yoast_head":"<!-- This site is optimized with the Yoast SEO plugin v28.3 - https:\/\/yoast.com\/product\/yoast-seo-wordpress\/ -->\n<title>Homenaje al m\u00e1rtir ledesmino, Fernando Hern\u00e1ndez, en el D\u00eda del misionero salmantino - Parroquia Mar\u00eda Auxiliadora<\/title>\n<meta name=\"robots\" content=\"index, follow, max-snippet:-1, max-image-preview:large, max-video-preview:-1\" \/>\n<link rel=\"canonical\" href=\"https:\/\/salesianosmaux.es\/parroquia\/2022\/06\/26\/homenaje-al-martir-ledesmino-fernando-hernandez-en-el-dia-del-misionero-salmantino\/\" \/>\n<meta property=\"og:locale\" content=\"es_ES\" \/>\n<meta property=\"og:type\" content=\"article\" \/>\n<meta property=\"og:title\" content=\"Homenaje al m\u00e1rtir ledesmino, Fernando Hern\u00e1ndez, en el D\u00eda del misionero salmantino - Parroquia Mar\u00eda Auxiliadora\" \/>\n<meta property=\"og:description\" content=\"Se celebrar\u00e1 el s\u00e1bado, 2 de julio, en Ledesma, y van participar misioneros y misioneras de las di\u00f3cesis de Ciudad Rodrigo y Salamanca, amigos y familiares de las misiones. En esta ocasi\u00f3n, recordar\u00e1n la vida del salesiano ledesmino asesinado en Burkina Faso en 2019\" \/>\n<meta property=\"og:url\" content=\"https:\/\/salesianosmaux.es\/parroquia\/2022\/06\/26\/homenaje-al-martir-ledesmino-fernando-hernandez-en-el-dia-del-misionero-salmantino\/\" \/>\n<meta property=\"og:site_name\" content=\"Parroquia Mar\u00eda Auxiliadora\" \/>\n<meta property=\"article:published_time\" content=\"2022-06-26T14:50:07+00:00\" \/>\n<meta property=\"article:modified_time\" content=\"2022-06-26T14:50:08+00:00\" \/>\n<meta property=\"og:image\" content=\"https:\/\/salesianosmaux.es\/parroquia\/wp-content\/uploads\/sites\/8\/2022\/06\/MISIONERO-U30168379600pdH-U80236007817K0E-624x385@El-Norte-ElNorte.jpg\" \/>\n\t<meta property=\"og:image:width\" content=\"624\" \/>\n\t<meta property=\"og:image:height\" content=\"385\" \/>\n\t<meta property=\"og:image:type\" content=\"image\/jpeg\" \/>\n<meta name=\"author\" content=\"admin\" \/>\n<meta name=\"twitter:card\" content=\"summary_large_image\" \/>\n<meta name=\"twitter:label1\" content=\"Escrito por\" \/>\n\t<meta name=\"twitter:data1\" content=\"admin\" \/>\n<script type=\"application\/ld+json\" class=\"yoast-schema-graph\">{\"@context\":\"https:\\\/\\\/schema.org\",\"@graph\":[{\"@type\":\"Article\",\"@id\":\"https:\\\/\\\/salesianosmaux.es\\\/parroquia\\\/2022\\\/06\\\/26\\\/homenaje-al-martir-ledesmino-fernando-hernandez-en-el-dia-del-misionero-salmantino\\\/#article\",\"isPartOf\":{\"@id\":\"https:\\\/\\\/salesianosmaux.es\\\/parroquia\\\/2022\\\/06\\\/26\\\/homenaje-al-martir-ledesmino-fernando-hernandez-en-el-dia-del-misionero-salmantino\\\/\"},\"author\":{\"name\":\"admin\",\"@id\":\"https:\\\/\\\/salesianosmaux.es\\\/parroquia\\\/#\\\/schema\\\/person\\\/9bd111fcfb5210d0fa466bfc8154b2f8\"},\"headline\":\"Homenaje al m\u00e1rtir ledesmino, Fernando Hern\u00e1ndez, en el D\u00eda del misionero salmantino\",\"datePublished\":\"2022-06-26T14:50:07+00:00\",\"dateModified\":\"2022-06-26T14:50:08+00:00\",\"mainEntityOfPage\":{\"@id\":\"https:\\\/\\\/salesianosmaux.es\\\/parroquia\\\/2022\\\/06\\\/26\\\/homenaje-al-martir-ledesmino-fernando-hernandez-en-el-dia-del-misionero-salmantino\\\/\"},\"wordCount\":572,\"commentCount\":0,\"image\":{\"@id\":\"https:\\\/\\\/salesianosmaux.es\\\/parroquia\\\/2022\\\/06\\\/26\\\/homenaje-al-martir-ledesmino-fernando-hernandez-en-el-dia-del-misionero-salmantino\\\/#primaryimage\"},\"thumbnailUrl\":\"https:\\\/\\\/salesianosmaux.es\\\/parroquia\\\/wp-content\\\/uploads\\\/sites\\\/8\\\/2022\\\/06\\\/MISIONERO-U30168379600pdH-U80236007817K0E-624x385@El-Norte-ElNorte.jpg\",\"articleSection\":[\"Parroquia\"],\"inLanguage\":\"es\",\"potentialAction\":[{\"@type\":\"CommentAction\",\"name\":\"Comment\",\"target\":[\"https:\\\/\\\/salesianosmaux.es\\\/parroquia\\\/2022\\\/06\\\/26\\\/homenaje-al-martir-ledesmino-fernando-hernandez-en-el-dia-del-misionero-salmantino\\\/#respond\"]}]},{\"@type\":\"WebPage\",\"@id\":\"https:\\\/\\\/salesianosmaux.es\\\/parroquia\\\/2022\\\/06\\\/26\\\/homenaje-al-martir-ledesmino-fernando-hernandez-en-el-dia-del-misionero-salmantino\\\/\",\"url\":\"https:\\\/\\\/salesianosmaux.es\\\/parroquia\\\/2022\\\/06\\\/26\\\/homenaje-al-martir-ledesmino-fernando-hernandez-en-el-dia-del-misionero-salmantino\\\/\",\"name\":\"Homenaje al m\u00e1rtir ledesmino, Fernando Hern\u00e1ndez, en el D\u00eda del misionero salmantino - Parroquia Mar\u00eda Auxiliadora\",\"isPartOf\":{\"@id\":\"https:\\\/\\\/salesianosmaux.es\\\/parroquia\\\/#website\"},\"primaryImageOfPage\":{\"@id\":\"https:\\\/\\\/salesianosmaux.es\\\/parroquia\\\/2022\\\/06\\\/26\\\/homenaje-al-martir-ledesmino-fernando-hernandez-en-el-dia-del-misionero-salmantino\\\/#primaryimage\"},\"image\":{\"@id\":\"https:\\\/\\\/salesianosmaux.es\\\/parroquia\\\/2022\\\/06\\\/26\\\/homenaje-al-martir-ledesmino-fernando-hernandez-en-el-dia-del-misionero-salmantino\\\/#primaryimage\"},\"thumbnailUrl\":\"https:\\\/\\\/salesianosmaux.es\\\/parroquia\\\/wp-content\\\/uploads\\\/sites\\\/8\\\/2022\\\/06\\\/MISIONERO-U30168379600pdH-U80236007817K0E-624x385@El-Norte-ElNorte.jpg\",\"datePublished\":\"2022-06-26T14:50:07+00:00\",\"dateModified\":\"2022-06-26T14:50:08+00:00\",\"author\":{\"@id\":\"https:\\\/\\\/salesianosmaux.es\\\/parroquia\\\/#\\\/schema\\\/person\\\/9bd111fcfb5210d0fa466bfc8154b2f8\"},\"breadcrumb\":{\"@id\":\"https:\\\/\\\/salesianosmaux.es\\\/parroquia\\\/2022\\\/06\\\/26\\\/homenaje-al-martir-ledesmino-fernando-hernandez-en-el-dia-del-misionero-salmantino\\\/#breadcrumb\"},\"inLanguage\":\"es\",\"potentialAction\":[{\"@type\":\"ReadAction\",\"target\":[\"https:\\\/\\\/salesianosmaux.es\\\/parroquia\\\/2022\\\/06\\\/26\\\/homenaje-al-martir-ledesmino-fernando-hernandez-en-el-dia-del-misionero-salmantino\\\/\"]}]},{\"@type\":\"ImageObject\",\"inLanguage\":\"es\",\"@id\":\"https:\\\/\\\/salesianosmaux.es\\\/parroquia\\\/2022\\\/06\\\/26\\\/homenaje-al-martir-ledesmino-fernando-hernandez-en-el-dia-del-misionero-salmantino\\\/#primaryimage\",\"url\":\"https:\\\/\\\/salesianosmaux.es\\\/parroquia\\\/wp-content\\\/uploads\\\/sites\\\/8\\\/2022\\\/06\\\/MISIONERO-U30168379600pdH-U80236007817K0E-624x385@El-Norte-ElNorte.jpg\",\"contentUrl\":\"https:\\\/\\\/salesianosmaux.es\\\/parroquia\\\/wp-content\\\/uploads\\\/sites\\\/8\\\/2022\\\/06\\\/MISIONERO-U30168379600pdH-U80236007817K0E-624x385@El-Norte-ElNorte.jpg\",\"width\":624,\"height\":385},{\"@type\":\"BreadcrumbList\",\"@id\":\"https:\\\/\\\/salesianosmaux.es\\\/parroquia\\\/2022\\\/06\\\/26\\\/homenaje-al-martir-ledesmino-fernando-hernandez-en-el-dia-del-misionero-salmantino\\\/#breadcrumb\",\"itemListElement\":[{\"@type\":\"ListItem\",\"position\":1,\"name\":\"Portada\",\"item\":\"https:\\\/\\\/salesianosmaux.es\\\/parroquia\\\/\"},{\"@type\":\"ListItem\",\"position\":2,\"name\":\"Homenaje al m\u00e1rtir ledesmino, Fernando Hern\u00e1ndez, en el D\u00eda del misionero salmantino\"}]},{\"@type\":\"WebSite\",\"@id\":\"https:\\\/\\\/salesianosmaux.es\\\/parroquia\\\/#website\",\"url\":\"https:\\\/\\\/salesianosmaux.es\\\/parroquia\\\/\",\"name\":\"Parroquia Mar\u00eda Auxiliadora\",\"description\":\"\",\"potentialAction\":[{\"@type\":\"SearchAction\",\"target\":{\"@type\":\"EntryPoint\",\"urlTemplate\":\"https:\\\/\\\/salesianosmaux.es\\\/parroquia\\\/?s={search_term_string}\"},\"query-input\":{\"@type\":\"PropertyValueSpecification\",\"valueRequired\":true,\"valueName\":\"search_term_string\"}}],\"inLanguage\":\"es\"},{\"@type\":\"Person\",\"@id\":\"https:\\\/\\\/salesianosmaux.es\\\/parroquia\\\/#\\\/schema\\\/person\\\/9bd111fcfb5210d0fa466bfc8154b2f8\",\"name\":\"admin\",\"image\":{\"@type\":\"ImageObject\",\"inLanguage\":\"es\",\"@id\":\"https:\\\/\\\/secure.gravatar.com\\\/avatar\\\/09550e5c75cc821753a661f1c7f497ea1bbe9e394289f33e436a29a7df762242?s=96&d=mm&r=g\",\"url\":\"https:\\\/\\\/secure.gravatar.com\\\/avatar\\\/09550e5c75cc821753a661f1c7f497ea1bbe9e394289f33e436a29a7df762242?s=96&d=mm&r=g\",\"contentUrl\":\"https:\\\/\\\/secure.gravatar.com\\\/avatar\\\/09550e5c75cc821753a661f1c7f497ea1bbe9e394289f33e436a29a7df762242?s=96&d=mm&r=g\",\"caption\":\"admin\"},\"sameAs\":[\"https:\\\/\\\/salesianosmaux.es\"],\"url\":\"https:\\\/\\\/salesianosmaux.es\\\/parroquia\\\/author\\\/salamanca_95jmwv72\\\/\"}]}<\/script>\n<!-- \/ Yoast SEO plugin. -->","yoast_head_json":{"title":"Homenaje al m\u00e1rtir ledesmino, Fernando Hern\u00e1ndez, en el D\u00eda del misionero salmantino - Parroquia Mar\u00eda Auxiliadora","robots":{"index":"index","follow":"follow","max-snippet":"max-snippet:-1","max-image-preview":"max-image-preview:large","max-video-preview":"max-video-preview:-1"},"canonical":"https:\/\/salesianosmaux.es\/parroquia\/2022\/06\/26\/homenaje-al-martir-ledesmino-fernando-hernandez-en-el-dia-del-misionero-salmantino\/","og_locale":"es_ES","og_type":"article","og_title":"Homenaje al m\u00e1rtir ledesmino, Fernando Hern\u00e1ndez, en el D\u00eda del misionero salmantino - Parroquia Mar\u00eda Auxiliadora","og_description":"Se celebrar\u00e1 el s\u00e1bado, 2 de julio, en Ledesma, y van participar misioneros y misioneras de las di\u00f3cesis de Ciudad Rodrigo y Salamanca, amigos y familiares de las misiones. En esta ocasi\u00f3n, recordar\u00e1n la vida del salesiano ledesmino asesinado en Burkina Faso en 2019","og_url":"https:\/\/salesianosmaux.es\/parroquia\/2022\/06\/26\/homenaje-al-martir-ledesmino-fernando-hernandez-en-el-dia-del-misionero-salmantino\/","og_site_name":"Parroquia Mar\u00eda Auxiliadora","article_published_time":"2022-06-26T14:50:07+00:00","article_modified_time":"2022-06-26T14:50:08+00:00","og_image":[{"width":624,"height":385,"url":"https:\/\/salesianosmaux.es\/parroquia\/wp-content\/uploads\/sites\/8\/2022\/06\/MISIONERO-U30168379600pdH-U80236007817K0E-624x385@El-Norte-ElNorte.jpg","type":"image\/jpeg"}],"author":"admin","twitter_card":"summary_large_image","twitter_misc":{"Escrito por":"admin"},"schema":{"@context":"https:\/\/schema.org","@graph":[{"@type":"Article","@id":"https:\/\/salesianosmaux.es\/parroquia\/2022\/06\/26\/homenaje-al-martir-ledesmino-fernando-hernandez-en-el-dia-del-misionero-salmantino\/#article","isPartOf":{"@id":"https:\/\/salesianosmaux.es\/parroquia\/2022\/06\/26\/homenaje-al-martir-ledesmino-fernando-hernandez-en-el-dia-del-misionero-salmantino\/"},"author":{"name":"admin","@id":"https:\/\/salesianosmaux.es\/parroquia\/#\/schema\/person\/9bd111fcfb5210d0fa466bfc8154b2f8"},"headline":"Homenaje al m\u00e1rtir ledesmino, Fernando Hern\u00e1ndez, en el D\u00eda del misionero salmantino","datePublished":"2022-06-26T14:50:07+00:00","dateModified":"2022-06-26T14:50:08+00:00","mainEntityOfPage":{"@id":"https:\/\/salesianosmaux.es\/parroquia\/2022\/06\/26\/homenaje-al-martir-ledesmino-fernando-hernandez-en-el-dia-del-misionero-salmantino\/"},"wordCount":572,"commentCount":0,"image":{"@id":"https:\/\/salesianosmaux.es\/parroquia\/2022\/06\/26\/homenaje-al-martir-ledesmino-fernando-hernandez-en-el-dia-del-misionero-salmantino\/#primaryimage"},"thumbnailUrl":"https:\/\/salesianosmaux.es\/parroquia\/wp-content\/uploads\/sites\/8\/2022\/06\/MISIONERO-U30168379600pdH-U80236007817K0E-624x385@El-Norte-ElNorte.jpg","articleSection":["Parroquia"],"inLanguage":"es","potentialAction":[{"@type":"CommentAction","name":"Comment","target":["https:\/\/salesianosmaux.es\/parroquia\/2022\/06\/26\/homenaje-al-martir-ledesmino-fernando-hernandez-en-el-dia-del-misionero-salmantino\/#respond"]}]},{"@type":"WebPage","@id":"https:\/\/salesianosmaux.es\/parroquia\/2022\/06\/26\/homenaje-al-martir-ledesmino-fernando-hernandez-en-el-dia-del-misionero-salmantino\/","url":"https:\/\/salesianosmaux.es\/parroquia\/2022\/06\/26\/homenaje-al-martir-ledesmino-fernando-hernandez-en-el-dia-del-misionero-salmantino\/","name":"Homenaje al m\u00e1rtir ledesmino, Fernando Hern\u00e1ndez, en el D\u00eda del misionero salmantino - Parroquia Mar\u00eda Auxiliadora","isPartOf":{"@id":"https:\/\/salesianosmaux.es\/parroquia\/#website"},"primaryImageOfPage":{"@id":"https:\/\/salesianosmaux.es\/parroquia\/2022\/06\/26\/homenaje-al-martir-ledesmino-fernando-hernandez-en-el-dia-del-misionero-salmantino\/#primaryimage"},"image":{"@id":"https:\/\/salesianosmaux.es\/parroquia\/2022\/06\/26\/homenaje-al-martir-ledesmino-fernando-hernandez-en-el-dia-del-misionero-salmantino\/#primaryimage"},"thumbnailUrl":"https:\/\/salesianosmaux.es\/parroquia\/wp-content\/uploads\/sites\/8\/2022\/06\/MISIONERO-U30168379600pdH-U80236007817K0E-624x385@El-Norte-ElNorte.jpg","datePublished":"2022-06-26T14:50:07+00:00","dateModified":"2022-06-26T14:50:08+00:00","author":{"@id":"https:\/\/salesianosmaux.es\/parroquia\/#\/schema\/person\/9bd111fcfb5210d0fa466bfc8154b2f8"},"breadcrumb":{"@id":"https:\/\/salesianosmaux.es\/parroquia\/2022\/06\/26\/homenaje-al-martir-ledesmino-fernando-hernandez-en-el-dia-del-misionero-salmantino\/#breadcrumb"},"inLanguage":"es","potentialAction":[{"@type":"ReadAction","target":["https:\/\/salesianosmaux.es\/parroquia\/2022\/06\/26\/homenaje-al-martir-ledesmino-fernando-hernandez-en-el-dia-del-misionero-salmantino\/"]}]},{"@type":"ImageObject","inLanguage":"es","@id":"https:\/\/salesianosmaux.es\/parroquia\/2022\/06\/26\/homenaje-al-martir-ledesmino-fernando-hernandez-en-el-dia-del-misionero-salmantino\/#primaryimage","url":"https:\/\/salesianosmaux.es\/parroquia\/wp-content\/uploads\/sites\/8\/2022\/06\/MISIONERO-U30168379600pdH-U80236007817K0E-624x385@El-Norte-ElNorte.jpg","contentUrl":"https:\/\/salesianosmaux.es\/parroquia\/wp-content\/uploads\/sites\/8\/2022\/06\/MISIONERO-U30168379600pdH-U80236007817K0E-624x385@El-Norte-ElNorte.jpg","width":624,"height":385},{"@type":"BreadcrumbList","@id":"https:\/\/salesianosmaux.es\/parroquia\/2022\/06\/26\/homenaje-al-martir-ledesmino-fernando-hernandez-en-el-dia-del-misionero-salmantino\/#breadcrumb","itemListElement":[{"@type":"ListItem","position":1,"name":"Portada","item":"https:\/\/salesianosmaux.es\/parroquia\/"},{"@type":"ListItem","position":2,"name":"Homenaje al m\u00e1rtir ledesmino, Fernando Hern\u00e1ndez, en el D\u00eda del misionero salmantino"}]},{"@type":"WebSite","@id":"https:\/\/salesianosmaux.es\/parroquia\/#website","url":"https:\/\/salesianosmaux.es\/parroquia\/","name":"Parroquia Mar\u00eda Auxiliadora","description":"","potentialAction":[{"@type":"SearchAction","target":{"@type":"EntryPoint","urlTemplate":"https:\/\/salesianosmaux.es\/parroquia\/?s={search_term_string}"},"query-input":{"@type":"PropertyValueSpecification","valueRequired":true,"valueName":"search_term_string"}}],"inLanguage":"es"},{"@type":"Person","@id":"https:\/\/salesianosmaux.es\/parroquia\/#\/schema\/person\/9bd111fcfb5210d0fa466bfc8154b2f8","name":"admin","image":{"@type":"ImageObject","inLanguage":"es","@id":"https:\/\/secure.gravatar.com\/avatar\/09550e5c75cc821753a661f1c7f497ea1bbe9e394289f33e436a29a7df762242?s=96&d=mm&r=g","url":"https:\/\/secure.gravatar.com\/avatar\/09550e5c75cc821753a661f1c7f497ea1bbe9e394289f33e436a29a7df762242?s=96&d=mm&r=g","contentUrl":"https:\/\/secure.gravatar.com\/avatar\/09550e5c75cc821753a661f1c7f497ea1bbe9e394289f33e436a29a7df762242?s=96&d=mm&r=g","caption":"admin"},"sameAs":["https:\/\/salesianosmaux.es"],"url":"https:\/\/salesianosmaux.es\/parroquia\/author\/salamanca_95jmwv72\/"}]}},"_links":{"self":[{"href":"https:\/\/salesianosmaux.es\/parroquia\/wp-json\/wp\/v2\/posts\/385","targetHints":{"allow":["GET"]}}],"collection":[{"href":"https:\/\/salesianosmaux.es\/parroquia\/wp-json\/wp\/v2\/posts"}],"about":[{"href":"https:\/\/salesianosmaux.es\/parroquia\/wp-json\/wp\/v2\/types\/post"}],"author":[{"embeddable":true,"href":"https:\/\/salesianosmaux.es\/parroquia\/wp-json\/wp\/v2\/users\/1"}],"replies":[{"embeddable":true,"href":"https:\/\/salesianosmaux.es\/parroquia\/wp-json\/wp\/v2\/comments?post=385"}],"version-history":[{"count":2,"href":"https:\/\/salesianosmaux.es\/parroquia\/wp-json\/wp\/v2\/posts\/385\/revisions"}],"predecessor-version":[{"id":389,"href":"https:\/\/salesianosmaux.es\/parroquia\/wp-json\/wp\/v2\/posts\/385\/revisions\/389"}],"wp:featuredmedia":[{"embeddable":true,"href":"https:\/\/salesianosmaux.es\/parroquia\/wp-json\/wp\/v2\/media\/386"}],"wp:attachment":[{"href":"https:\/\/salesianosmaux.es\/parroquia\/wp-json\/wp\/v2\/media?parent=385"}],"wp:term":[{"taxonomy":"category","embeddable":true,"href":"https:\/\/salesianosmaux.es\/parroquia\/wp-json\/wp\/v2\/categories?post=385"},{"taxonomy":"post_tag","embeddable":true,"href":"https:\/\/salesianosmaux.es\/parroquia\/wp-json\/wp\/v2\/tags?post=385"}],"curies":[{"name":"wp","href":"https:\/\/api.w.org\/{rel}","templated":true}]}}