{"id":400,"date":"2022-08-27T09:26:16","date_gmt":"2022-08-27T09:26:16","guid":{"rendered":"https:\/\/salesianosmaux.es\/parroquia\/?p=400"},"modified":"2022-08-28T19:04:53","modified_gmt":"2022-08-28T19:04:53","slug":"relevo-de-nuestro-parroco","status":"publish","type":"post","link":"https:\/\/salesianosmaux.es\/parroquia\/2022\/08\/27\/relevo-de-nuestro-parroco\/","title":{"rendered":"Relevo de nuestro P\u00e1rroco"},"content":{"rendered":"<p>[et_pb_section fb_built=\u00bb1&#8243; _builder_version=\u00bb4.17.6&#8243; _module_preset=\u00bbdefault\u00bb global_colors_info=\u00bb{}\u00bb theme_builder_area=\u00bbpost_content\u00bb][et_pb_row _builder_version=\u00bb4.17.6&#8243; _module_preset=\u00bbdefault\u00bb global_colors_info=\u00bb{}\u00bb theme_builder_area=\u00bbpost_content\u00bb][et_pb_column type=\u00bb4_4&#8243; _builder_version=\u00bb4.17.6&#8243; _module_preset=\u00bbdefault\u00bb global_colors_info=\u00bb{}\u00bb theme_builder_area=\u00bbpost_content\u00bb][et_pb_text _builder_version=\u00bb4.17.6&#8243; _module_preset=\u00bbdefault\u00bb global_colors_info=\u00bb{}\u00bb theme_builder_area=\u00bbpost_content\u00bb]<\/p>\n<p style=\"text-align: justify;\">Tras nueve a\u00f1os de servicio en nuestra Parroquia, <em>Jes\u00fas Vivanco<\/em> se despiede como p\u00e1rroco este s\u00e1bado 27 de agosto. Tomar\u00e1 el relevo <em>Juan Manuel Ruano<\/em> que hasta la fecha era el vicario parroquial.<\/p>\n<p style=\"text-align: justify;\">El <strong>s\u00e1bado 27 de agosto a las 20 horas<\/strong> en nuestra parroquia Santuario se despedir\u00e1 Don Jes\u00fas tras 9 a\u00f1os con nosotros. Recientemente celebr\u00f3 sus bodas de oro sacerdotales y desde ahora su misi\u00f3n estar\u00e1 en la parroquia salesiana de Vigo.<\/p>\n<p style=\"text-align: justify;\">Por su parte, el hasta ahora vicario parroquial <em>Juan Manuel Ruan<\/em>o, desde ma\u00f1ana 28 de agosto ser\u00e1 el nuevo p\u00e1rroco. En la <strong>Eucarist\u00eda de las 13 horas del domingo 28<\/strong> iniciar\u00e1 su misi\u00f3n presentado por el vicario general de la Di\u00f3cesis <em>Florentino Guti\u00e9rrez<\/em>.<\/p>\n<p>[\/et_pb_text][\/et_pb_column][\/et_pb_row][et_pb_row _builder_version=\u00bb4.17.6&#8243; _module_preset=\u00bbdefault\u00bb theme_builder_area=\u00bbpost_content\u00bb][et_pb_column _builder_version=\u00bb4.17.6&#8243; _module_preset=\u00bbdefault\u00bb type=\u00bb4_4&#8243; theme_builder_area=\u00bbpost_content\u00bb][et_pb_text _builder_version=\u00bb4.17.6&#8243; text_font=\u00bb||||||||\u00bb header_font=\u00bb||||||||\u00bb header_2_font=\u00bbLato|300|||||||\u00bb header_2_font_size=\u00bb30px\u00bb text_orientation=\u00bbjustified\u00bb hover_enabled=\u00bb0&#8243; global_colors_info=\u00bb{}\u00bb theme_builder_area=\u00bbpost_content\u00bb sticky_enabled=\u00bb0&#8243;]<\/p>\n<h2>\u00c1lbum de fotos<\/h2>\n<p>[\/et_pb_text][et_pb_code _builder_version=\u00bb4.17.6&#8243; _module_preset=\u00bbdefault\u00bb theme_builder_area=\u00bbpost_content\u00bb hover_enabled=\u00bb0&#8243; sticky_enabled=\u00bb0&#8243;]<a data-flickr-embed=\"true\" href=\"https:\/\/www.flickr.com\/photos\/mauxc1213\/albums\/72177720301642075\" title=\"Relevo del P\u00e1rroco\"><img loading=\"lazy\" decoding=\"async\" src=\"https:\/\/live.staticflickr.com\/65535\/52316664895_1eccce1259_z.jpg\" width=\"800\" height=\"600\" alt=\"Relevo del P\u00e1rroco\"><\/a><script async src=\"\/\/embedr.flickr.com\/assets\/client-code.js\" charset=\"utf-8\"><\/script>[\/et_pb_code][\/et_pb_column][\/et_pb_row][\/et_pb_section]<\/p>\n","protected":false},"excerpt":{"rendered":"<p>Tras nueve a\u00f1os de servicio en nuestra Parroquia, Jes\u00fas Vivanco se despiede como p\u00e1rroco este s\u00e1bado 27 de agosto. Tomar\u00e1 el relevo Juan Manuel Ruano que hasta la fecha era el vicario parroquial.<br \/>\nEl s\u00e1bado 27 de agosto a las 20 horas en nuestra parroquia Santuario se despedir\u00e1 Don Jes\u00fas tras 9 a\u00f1os con nosotros. Recientemente celebr\u00f3 sus bodas de oro sacerdotales y desde ahora su misi\u00f3n estar\u00e1 en la parroquia salesiana de Vigo.<br \/>\nPor su parte, el hasta ahora vicario parroquial Juan Manuel Ruano, desde ma\u00f1ana 28 de agosto ser\u00e1 el nuevo p\u00e1rroco. En la Eucarist\u00eda de las 13 horas del domingo 28 iniciar\u00e1 su misi\u00f3n presentado por el vicario general de la Di\u00f3cesis Florentino Guti\u00e9rrez.<\/p>\n","protected":false},"author":1,"featured_media":401,"comment_status":"open","ping_status":"open","sticky":false,"template":"","format":"standard","meta":{"_et_pb_use_builder":"on","_et_pb_old_content":"","_et_gb_content_width":"","footnotes":""},"categories":[13,12],"tags":[],"class_list":["post-400","post","type-post","status-publish","format-standard","has-post-thumbnail","hentry","category-casa","category-parroquia"],"yoast_head":"<!-- This site is optimized with the Yoast SEO plugin v28.3 - https:\/\/yoast.com\/product\/yoast-seo-wordpress\/ -->\n<title>Relevo de nuestro P\u00e1rroco - Parroquia Mar\u00eda Auxiliadora<\/title>\n<meta name=\"robots\" content=\"index, follow, max-snippet:-1, max-image-preview:large, max-video-preview:-1\" \/>\n<link rel=\"canonical\" href=\"https:\/\/salesianosmaux.es\/parroquia\/2022\/08\/27\/relevo-de-nuestro-parroco\/\" \/>\n<meta property=\"og:locale\" content=\"es_ES\" \/>\n<meta property=\"og:type\" content=\"article\" \/>\n<meta property=\"og:title\" content=\"Relevo de nuestro P\u00e1rroco - Parroquia Mar\u00eda Auxiliadora\" \/>\n<meta property=\"og:description\" content=\"Tras nueve a\u00f1os de servicio en nuestra Parroquia, Jes\u00fas Vivanco se despiede como p\u00e1rroco este s\u00e1bado 27 de agosto. Tomar\u00e1 el relevo Juan Manuel Ruano que hasta la fecha era el vicario parroquial. El s\u00e1bado 27 de agosto a las 20 horas en nuestra parroquia Santuario se despedir\u00e1 Don Jes\u00fas tras 9 a\u00f1os con nosotros. Recientemente celebr\u00f3 sus bodas de oro sacerdotales y desde ahora su misi\u00f3n estar\u00e1 en la parroquia salesiana de Vigo. Por su parte, el hasta ahora vicario parroquial Juan Manuel Ruano, desde ma\u00f1ana 28 de agosto ser\u00e1 el nuevo p\u00e1rroco. En la Eucarist\u00eda de las 13 horas del domingo 28 iniciar\u00e1 su misi\u00f3n presentado por el vicario general de la Di\u00f3cesis Florentino Guti\u00e9rrez.\" \/>\n<meta property=\"og:url\" content=\"https:\/\/salesianosmaux.es\/parroquia\/2022\/08\/27\/relevo-de-nuestro-parroco\/\" \/>\n<meta property=\"og:site_name\" content=\"Parroquia Mar\u00eda Auxiliadora\" \/>\n<meta property=\"article:published_time\" content=\"2022-08-27T09:26:16+00:00\" \/>\n<meta property=\"article:modified_time\" content=\"2022-08-28T19:04:53+00:00\" \/>\n<meta property=\"og:image\" content=\"https:\/\/salesianosmaux.es\/parroquia\/wp-content\/uploads\/sites\/8\/2022\/08\/salesianos-maria-auxiliadora-scaled-1.jpeg\" \/>\n\t<meta property=\"og:image:width\" content=\"2560\" \/>\n\t<meta property=\"og:image:height\" content=\"1380\" \/>\n\t<meta property=\"og:image:type\" content=\"image\/jpeg\" \/>\n<meta name=\"author\" content=\"admin\" \/>\n<meta name=\"twitter:card\" content=\"summary_large_image\" \/>\n<meta name=\"twitter:label1\" content=\"Escrito por\" \/>\n\t<meta name=\"twitter:data1\" content=\"admin\" \/>\n\t<meta name=\"twitter:label2\" content=\"Tiempo de lectura\" \/>\n\t<meta name=\"twitter:data2\" content=\"1 minuto\" \/>\n<script type=\"application\/ld+json\" class=\"yoast-schema-graph\">{\"@context\":\"https:\\\/\\\/schema.org\",\"@graph\":[{\"@type\":\"Article\",\"@id\":\"https:\\\/\\\/salesianosmaux.es\\\/parroquia\\\/2022\\\/08\\\/27\\\/relevo-de-nuestro-parroco\\\/#article\",\"isPartOf\":{\"@id\":\"https:\\\/\\\/salesianosmaux.es\\\/parroquia\\\/2022\\\/08\\\/27\\\/relevo-de-nuestro-parroco\\\/\"},\"author\":{\"name\":\"admin\",\"@id\":\"https:\\\/\\\/salesianosmaux.es\\\/parroquia\\\/#\\\/schema\\\/person\\\/9bd111fcfb5210d0fa466bfc8154b2f8\"},\"headline\":\"Relevo de nuestro P\u00e1rroco\",\"datePublished\":\"2022-08-27T09:26:16+00:00\",\"dateModified\":\"2022-08-28T19:04:53+00:00\",\"mainEntityOfPage\":{\"@id\":\"https:\\\/\\\/salesianosmaux.es\\\/parroquia\\\/2022\\\/08\\\/27\\\/relevo-de-nuestro-parroco\\\/\"},\"wordCount\":298,\"commentCount\":0,\"image\":{\"@id\":\"https:\\\/\\\/salesianosmaux.es\\\/parroquia\\\/2022\\\/08\\\/27\\\/relevo-de-nuestro-parroco\\\/#primaryimage\"},\"thumbnailUrl\":\"https:\\\/\\\/salesianosmaux.es\\\/parroquia\\\/wp-content\\\/uploads\\\/sites\\\/8\\\/2022\\\/08\\\/salesianos-maria-auxiliadora-scaled-1.jpeg\",\"articleSection\":[\"Casa\",\"Parroquia\"],\"inLanguage\":\"es\",\"potentialAction\":[{\"@type\":\"CommentAction\",\"name\":\"Comment\",\"target\":[\"https:\\\/\\\/salesianosmaux.es\\\/parroquia\\\/2022\\\/08\\\/27\\\/relevo-de-nuestro-parroco\\\/#respond\"]}]},{\"@type\":\"WebPage\",\"@id\":\"https:\\\/\\\/salesianosmaux.es\\\/parroquia\\\/2022\\\/08\\\/27\\\/relevo-de-nuestro-parroco\\\/\",\"url\":\"https:\\\/\\\/salesianosmaux.es\\\/parroquia\\\/2022\\\/08\\\/27\\\/relevo-de-nuestro-parroco\\\/\",\"name\":\"Relevo de nuestro P\u00e1rroco - Parroquia Mar\u00eda Auxiliadora\",\"isPartOf\":{\"@id\":\"https:\\\/\\\/salesianosmaux.es\\\/parroquia\\\/#website\"},\"primaryImageOfPage\":{\"@id\":\"https:\\\/\\\/salesianosmaux.es\\\/parroquia\\\/2022\\\/08\\\/27\\\/relevo-de-nuestro-parroco\\\/#primaryimage\"},\"image\":{\"@id\":\"https:\\\/\\\/salesianosmaux.es\\\/parroquia\\\/2022\\\/08\\\/27\\\/relevo-de-nuestro-parroco\\\/#primaryimage\"},\"thumbnailUrl\":\"https:\\\/\\\/salesianosmaux.es\\\/parroquia\\\/wp-content\\\/uploads\\\/sites\\\/8\\\/2022\\\/08\\\/salesianos-maria-auxiliadora-scaled-1.jpeg\",\"datePublished\":\"2022-08-27T09:26:16+00:00\",\"dateModified\":\"2022-08-28T19:04:53+00:00\",\"author\":{\"@id\":\"https:\\\/\\\/salesianosmaux.es\\\/parroquia\\\/#\\\/schema\\\/person\\\/9bd111fcfb5210d0fa466bfc8154b2f8\"},\"breadcrumb\":{\"@id\":\"https:\\\/\\\/salesianosmaux.es\\\/parroquia\\\/2022\\\/08\\\/27\\\/relevo-de-nuestro-parroco\\\/#breadcrumb\"},\"inLanguage\":\"es\",\"potentialAction\":[{\"@type\":\"ReadAction\",\"target\":[\"https:\\\/\\\/salesianosmaux.es\\\/parroquia\\\/2022\\\/08\\\/27\\\/relevo-de-nuestro-parroco\\\/\"]}]},{\"@type\":\"ImageObject\",\"inLanguage\":\"es\",\"@id\":\"https:\\\/\\\/salesianosmaux.es\\\/parroquia\\\/2022\\\/08\\\/27\\\/relevo-de-nuestro-parroco\\\/#primaryimage\",\"url\":\"https:\\\/\\\/salesianosmaux.es\\\/parroquia\\\/wp-content\\\/uploads\\\/sites\\\/8\\\/2022\\\/08\\\/salesianos-maria-auxiliadora-scaled-1.jpeg\",\"contentUrl\":\"https:\\\/\\\/salesianosmaux.es\\\/parroquia\\\/wp-content\\\/uploads\\\/sites\\\/8\\\/2022\\\/08\\\/salesianos-maria-auxiliadora-scaled-1.jpeg\",\"width\":2560,\"height\":1380,\"caption\":\"FOTO OSCAR GARCIA RODRIGUEZ. Novena Mar\u00eda Auxiliadora. Salamanca\"},{\"@type\":\"BreadcrumbList\",\"@id\":\"https:\\\/\\\/salesianosmaux.es\\\/parroquia\\\/2022\\\/08\\\/27\\\/relevo-de-nuestro-parroco\\\/#breadcrumb\",\"itemListElement\":[{\"@type\":\"ListItem\",\"position\":1,\"name\":\"Portada\",\"item\":\"https:\\\/\\\/salesianosmaux.es\\\/parroquia\\\/\"},{\"@type\":\"ListItem\",\"position\":2,\"name\":\"Relevo de nuestro P\u00e1rroco\"}]},{\"@type\":\"WebSite\",\"@id\":\"https:\\\/\\\/salesianosmaux.es\\\/parroquia\\\/#website\",\"url\":\"https:\\\/\\\/salesianosmaux.es\\\/parroquia\\\/\",\"name\":\"Parroquia Mar\u00eda Auxiliadora\",\"description\":\"\",\"potentialAction\":[{\"@type\":\"SearchAction\",\"target\":{\"@type\":\"EntryPoint\",\"urlTemplate\":\"https:\\\/\\\/salesianosmaux.es\\\/parroquia\\\/?s={search_term_string}\"},\"query-input\":{\"@type\":\"PropertyValueSpecification\",\"valueRequired\":true,\"valueName\":\"search_term_string\"}}],\"inLanguage\":\"es\"},{\"@type\":\"Person\",\"@id\":\"https:\\\/\\\/salesianosmaux.es\\\/parroquia\\\/#\\\/schema\\\/person\\\/9bd111fcfb5210d0fa466bfc8154b2f8\",\"name\":\"admin\",\"image\":{\"@type\":\"ImageObject\",\"inLanguage\":\"es\",\"@id\":\"https:\\\/\\\/secure.gravatar.com\\\/avatar\\\/09550e5c75cc821753a661f1c7f497ea1bbe9e394289f33e436a29a7df762242?s=96&d=mm&r=g\",\"url\":\"https:\\\/\\\/secure.gravatar.com\\\/avatar\\\/09550e5c75cc821753a661f1c7f497ea1bbe9e394289f33e436a29a7df762242?s=96&d=mm&r=g\",\"contentUrl\":\"https:\\\/\\\/secure.gravatar.com\\\/avatar\\\/09550e5c75cc821753a661f1c7f497ea1bbe9e394289f33e436a29a7df762242?s=96&d=mm&r=g\",\"caption\":\"admin\"},\"sameAs\":[\"https:\\\/\\\/salesianosmaux.es\"],\"url\":\"https:\\\/\\\/salesianosmaux.es\\\/parroquia\\\/author\\\/salamanca_95jmwv72\\\/\"}]}<\/script>\n<!-- \/ Yoast SEO plugin. -->","yoast_head_json":{"title":"Relevo de nuestro P\u00e1rroco - Parroquia Mar\u00eda Auxiliadora","robots":{"index":"index","follow":"follow","max-snippet":"max-snippet:-1","max-image-preview":"max-image-preview:large","max-video-preview":"max-video-preview:-1"},"canonical":"https:\/\/salesianosmaux.es\/parroquia\/2022\/08\/27\/relevo-de-nuestro-parroco\/","og_locale":"es_ES","og_type":"article","og_title":"Relevo de nuestro P\u00e1rroco - Parroquia Mar\u00eda Auxiliadora","og_description":"Tras nueve a\u00f1os de servicio en nuestra Parroquia, Jes\u00fas Vivanco se despiede como p\u00e1rroco este s\u00e1bado 27 de agosto. Tomar\u00e1 el relevo Juan Manuel Ruano que hasta la fecha era el vicario parroquial. El s\u00e1bado 27 de agosto a las 20 horas en nuestra parroquia Santuario se despedir\u00e1 Don Jes\u00fas tras 9 a\u00f1os con nosotros. Recientemente celebr\u00f3 sus bodas de oro sacerdotales y desde ahora su misi\u00f3n estar\u00e1 en la parroquia salesiana de Vigo. Por su parte, el hasta ahora vicario parroquial Juan Manuel Ruano, desde ma\u00f1ana 28 de agosto ser\u00e1 el nuevo p\u00e1rroco. En la Eucarist\u00eda de las 13 horas del domingo 28 iniciar\u00e1 su misi\u00f3n presentado por el vicario general de la Di\u00f3cesis Florentino Guti\u00e9rrez.","og_url":"https:\/\/salesianosmaux.es\/parroquia\/2022\/08\/27\/relevo-de-nuestro-parroco\/","og_site_name":"Parroquia Mar\u00eda Auxiliadora","article_published_time":"2022-08-27T09:26:16+00:00","article_modified_time":"2022-08-28T19:04:53+00:00","og_image":[{"width":2560,"height":1380,"url":"https:\/\/salesianosmaux.es\/parroquia\/wp-content\/uploads\/sites\/8\/2022\/08\/salesianos-maria-auxiliadora-scaled-1.jpeg","type":"image\/jpeg"}],"author":"admin","twitter_card":"summary_large_image","twitter_misc":{"Escrito por":"admin","Tiempo de lectura":"1 minuto"},"schema":{"@context":"https:\/\/schema.org","@graph":[{"@type":"Article","@id":"https:\/\/salesianosmaux.es\/parroquia\/2022\/08\/27\/relevo-de-nuestro-parroco\/#article","isPartOf":{"@id":"https:\/\/salesianosmaux.es\/parroquia\/2022\/08\/27\/relevo-de-nuestro-parroco\/"},"author":{"name":"admin","@id":"https:\/\/salesianosmaux.es\/parroquia\/#\/schema\/person\/9bd111fcfb5210d0fa466bfc8154b2f8"},"headline":"Relevo de nuestro P\u00e1rroco","datePublished":"2022-08-27T09:26:16+00:00","dateModified":"2022-08-28T19:04:53+00:00","mainEntityOfPage":{"@id":"https:\/\/salesianosmaux.es\/parroquia\/2022\/08\/27\/relevo-de-nuestro-parroco\/"},"wordCount":298,"commentCount":0,"image":{"@id":"https:\/\/salesianosmaux.es\/parroquia\/2022\/08\/27\/relevo-de-nuestro-parroco\/#primaryimage"},"thumbnailUrl":"https:\/\/salesianosmaux.es\/parroquia\/wp-content\/uploads\/sites\/8\/2022\/08\/salesianos-maria-auxiliadora-scaled-1.jpeg","articleSection":["Casa","Parroquia"],"inLanguage":"es","potentialAction":[{"@type":"CommentAction","name":"Comment","target":["https:\/\/salesianosmaux.es\/parroquia\/2022\/08\/27\/relevo-de-nuestro-parroco\/#respond"]}]},{"@type":"WebPage","@id":"https:\/\/salesianosmaux.es\/parroquia\/2022\/08\/27\/relevo-de-nuestro-parroco\/","url":"https:\/\/salesianosmaux.es\/parroquia\/2022\/08\/27\/relevo-de-nuestro-parroco\/","name":"Relevo de nuestro P\u00e1rroco - Parroquia Mar\u00eda Auxiliadora","isPartOf":{"@id":"https:\/\/salesianosmaux.es\/parroquia\/#website"},"primaryImageOfPage":{"@id":"https:\/\/salesianosmaux.es\/parroquia\/2022\/08\/27\/relevo-de-nuestro-parroco\/#primaryimage"},"image":{"@id":"https:\/\/salesianosmaux.es\/parroquia\/2022\/08\/27\/relevo-de-nuestro-parroco\/#primaryimage"},"thumbnailUrl":"https:\/\/salesianosmaux.es\/parroquia\/wp-content\/uploads\/sites\/8\/2022\/08\/salesianos-maria-auxiliadora-scaled-1.jpeg","datePublished":"2022-08-27T09:26:16+00:00","dateModified":"2022-08-28T19:04:53+00:00","author":{"@id":"https:\/\/salesianosmaux.es\/parroquia\/#\/schema\/person\/9bd111fcfb5210d0fa466bfc8154b2f8"},"breadcrumb":{"@id":"https:\/\/salesianosmaux.es\/parroquia\/2022\/08\/27\/relevo-de-nuestro-parroco\/#breadcrumb"},"inLanguage":"es","potentialAction":[{"@type":"ReadAction","target":["https:\/\/salesianosmaux.es\/parroquia\/2022\/08\/27\/relevo-de-nuestro-parroco\/"]}]},{"@type":"ImageObject","inLanguage":"es","@id":"https:\/\/salesianosmaux.es\/parroquia\/2022\/08\/27\/relevo-de-nuestro-parroco\/#primaryimage","url":"https:\/\/salesianosmaux.es\/parroquia\/wp-content\/uploads\/sites\/8\/2022\/08\/salesianos-maria-auxiliadora-scaled-1.jpeg","contentUrl":"https:\/\/salesianosmaux.es\/parroquia\/wp-content\/uploads\/sites\/8\/2022\/08\/salesianos-maria-auxiliadora-scaled-1.jpeg","width":2560,"height":1380,"caption":"FOTO OSCAR GARCIA RODRIGUEZ. Novena Mar\u00eda Auxiliadora. Salamanca"},{"@type":"BreadcrumbList","@id":"https:\/\/salesianosmaux.es\/parroquia\/2022\/08\/27\/relevo-de-nuestro-parroco\/#breadcrumb","itemListElement":[{"@type":"ListItem","position":1,"name":"Portada","item":"https:\/\/salesianosmaux.es\/parroquia\/"},{"@type":"ListItem","position":2,"name":"Relevo de nuestro P\u00e1rroco"}]},{"@type":"WebSite","@id":"https:\/\/salesianosmaux.es\/parroquia\/#website","url":"https:\/\/salesianosmaux.es\/parroquia\/","name":"Parroquia Mar\u00eda Auxiliadora","description":"","potentialAction":[{"@type":"SearchAction","target":{"@type":"EntryPoint","urlTemplate":"https:\/\/salesianosmaux.es\/parroquia\/?s={search_term_string}"},"query-input":{"@type":"PropertyValueSpecification","valueRequired":true,"valueName":"search_term_string"}}],"inLanguage":"es"},{"@type":"Person","@id":"https:\/\/salesianosmaux.es\/parroquia\/#\/schema\/person\/9bd111fcfb5210d0fa466bfc8154b2f8","name":"admin","image":{"@type":"ImageObject","inLanguage":"es","@id":"https:\/\/secure.gravatar.com\/avatar\/09550e5c75cc821753a661f1c7f497ea1bbe9e394289f33e436a29a7df762242?s=96&d=mm&r=g","url":"https:\/\/secure.gravatar.com\/avatar\/09550e5c75cc821753a661f1c7f497ea1bbe9e394289f33e436a29a7df762242?s=96&d=mm&r=g","contentUrl":"https:\/\/secure.gravatar.com\/avatar\/09550e5c75cc821753a661f1c7f497ea1bbe9e394289f33e436a29a7df762242?s=96&d=mm&r=g","caption":"admin"},"sameAs":["https:\/\/salesianosmaux.es"],"url":"https:\/\/salesianosmaux.es\/parroquia\/author\/salamanca_95jmwv72\/"}]}},"_links":{"self":[{"href":"https:\/\/salesianosmaux.es\/parroquia\/wp-json\/wp\/v2\/posts\/400","targetHints":{"allow":["GET"]}}],"collection":[{"href":"https:\/\/salesianosmaux.es\/parroquia\/wp-json\/wp\/v2\/posts"}],"about":[{"href":"https:\/\/salesianosmaux.es\/parroquia\/wp-json\/wp\/v2\/types\/post"}],"author":[{"embeddable":true,"href":"https:\/\/salesianosmaux.es\/parroquia\/wp-json\/wp\/v2\/users\/1"}],"replies":[{"embeddable":true,"href":"https:\/\/salesianosmaux.es\/parroquia\/wp-json\/wp\/v2\/comments?post=400"}],"version-history":[{"count":5,"href":"https:\/\/salesianosmaux.es\/parroquia\/wp-json\/wp\/v2\/posts\/400\/revisions"}],"predecessor-version":[{"id":411,"href":"https:\/\/salesianosmaux.es\/parroquia\/wp-json\/wp\/v2\/posts\/400\/revisions\/411"}],"wp:featuredmedia":[{"embeddable":true,"href":"https:\/\/salesianosmaux.es\/parroquia\/wp-json\/wp\/v2\/media\/401"}],"wp:attachment":[{"href":"https:\/\/salesianosmaux.es\/parroquia\/wp-json\/wp\/v2\/media?parent=400"}],"wp:term":[{"taxonomy":"category","embeddable":true,"href":"https:\/\/salesianosmaux.es\/parroquia\/wp-json\/wp\/v2\/categories?post=400"},{"taxonomy":"post_tag","embeddable":true,"href":"https:\/\/salesianosmaux.es\/parroquia\/wp-json\/wp\/v2\/tags?post=400"}],"curies":[{"name":"wp","href":"https:\/\/api.w.org\/{rel}","templated":true}]}}