{"id":589,"date":"2023-12-19T08:54:22","date_gmt":"2023-12-19T08:54:22","guid":{"rendered":"https:\/\/salesianosmaux.es\/parroquia\/?p=589"},"modified":"2023-12-19T08:55:58","modified_gmt":"2023-12-19T08:55:58","slug":"los-ninos-de-catequesis-visitan-la-residencia-de-mayores-san-rafael","status":"publish","type":"post","link":"https:\/\/salesianosmaux.es\/parroquia\/2023\/12\/19\/los-ninos-de-catequesis-visitan-la-residencia-de-mayores-san-rafael\/","title":{"rendered":"Los ni\u00f1os de catequesis visitan la residencia de mayores San Rafael"},"content":{"rendered":"<p>[et_pb_section fb_built=\u00bb1&#8243; theme_builder_area=\u00bbpost_content\u00bb _builder_version=\u00bb4.23.1&#8243; _module_preset=\u00bbdefault\u00bb][et_pb_row _builder_version=\u00bb4.23.1&#8243; _module_preset=\u00bbdefault\u00bb theme_builder_area=\u00bbpost_content\u00bb][et_pb_column _builder_version=\u00bb4.23.1&#8243; _module_preset=\u00bbdefault\u00bb type=\u00bb4_4&#8243; theme_builder_area=\u00bbpost_content\u00bb][et_pb_text _builder_version=\u00bb4.23.1&#8243; _module_preset=\u00bbdefault\u00bb theme_builder_area=\u00bbpost_content\u00bb hover_enabled=\u00bb0&#8243; sticky_enabled=\u00bb0&#8243;]<\/p>\n<p dir=\"auto\" style=\"text-align: justify;\">El domingo 17 los ni\u00f1os de catequesis acompa\u00f1ados de sus catequistas y del P\u00e1rroco D. Juan Manuel, visitaron la Residencia de Mayores San Rafael, compartieron con los mayores una ma\u00f1ana especial donde ambas generaciones pudieron verse cara a cara y disfrutar unos de otros.<\/p>\n<p dir=\"auto\" style=\"text-align: justify;\">All\u00ed ofici\u00f3 la Eucarist\u00eda D. Juan Manuel.<\/p>\n<p>[\/et_pb_text][\/et_pb_column][\/et_pb_row][et_pb_row _builder_version=\u00bb4.23.1&#8243; _module_preset=\u00bbdefault\u00bb theme_builder_area=\u00bbpost_content\u00bb column_structure=\u00bb1_2,1_2&#8243;][et_pb_column _builder_version=\u00bb4.23.1&#8243; _module_preset=\u00bbdefault\u00bb type=\u00bb1_2&#8243; theme_builder_area=\u00bbpost_content\u00bb][et_pb_image src=\u00bbhttps:\/\/salesianosmaux.es\/parroquia\/wp-content\/uploads\/sites\/8\/2023\/12\/cf812059-db2f-4ed2-9e52-8cc51967947c.jpg\u00bb _builder_version=\u00bb4.23.1&#8243; _module_preset=\u00bbdefault\u00bb theme_builder_area=\u00bbpost_content\u00bb title_text=\u00bbcf812059-db2f-4ed2-9e52-8cc51967947c\u00bb hover_enabled=\u00bb0&#8243; sticky_enabled=\u00bb0&#8243;][\/et_pb_image][\/et_pb_column][et_pb_column _builder_version=\u00bb4.23.1&#8243; _module_preset=\u00bbdefault\u00bb type=\u00bb1_2&#8243; theme_builder_area=\u00bbpost_content\u00bb][et_pb_image src=\u00bbhttps:\/\/salesianosmaux.es\/parroquia\/wp-content\/uploads\/sites\/8\/2023\/12\/88c5d45e-fd70-45e5-939f-f790ddf33619.jpeg\u00bb _builder_version=\u00bb4.23.1&#8243; _module_preset=\u00bbdefault\u00bb theme_builder_area=\u00bbpost_content\u00bb title_text=\u00bb88c5d45e-fd70-45e5-939f-f790ddf33619&#8243; hover_enabled=\u00bb0&#8243; sticky_enabled=\u00bb0&#8243;][\/et_pb_image][\/et_pb_column][\/et_pb_row][\/et_pb_section]<\/p>\n","protected":false},"excerpt":{"rendered":"<p>El domingo 17 los ni\u00f1os de catequesis acompa\u00f1ados de sus catequistas y del P\u00e1rroco D. Juan Manuel, visitaron la Residencia de Mayores San Rafael, compartieron con los mayores una ma\u00f1ana especial donde ambas generaciones pudieron verse cara a cara y disfrutar unos de otros. All\u00ed ofici\u00f3 la Eucarist\u00eda D. Juan Manuel.<\/p>\n","protected":false},"author":1,"featured_media":591,"comment_status":"open","ping_status":"open","sticky":false,"template":"","format":"standard","meta":{"_et_pb_use_builder":"on","_et_pb_old_content":"","_et_gb_content_width":"","footnotes":""},"categories":[1],"tags":[],"class_list":["post-589","post","type-post","status-publish","format-standard","has-post-thumbnail","hentry","category-sin-categoria"],"yoast_head":"<!-- This site is optimized with the Yoast SEO plugin v28.3 - https:\/\/yoast.com\/product\/yoast-seo-wordpress\/ -->\n<title>Los ni\u00f1os de catequesis visitan la residencia de mayores San Rafael - Parroquia Mar\u00eda Auxiliadora<\/title>\n<meta name=\"robots\" content=\"index, follow, max-snippet:-1, max-image-preview:large, max-video-preview:-1\" \/>\n<link rel=\"canonical\" href=\"https:\/\/salesianosmaux.es\/parroquia\/2023\/12\/19\/los-ninos-de-catequesis-visitan-la-residencia-de-mayores-san-rafael\/\" \/>\n<meta property=\"og:locale\" content=\"es_ES\" \/>\n<meta property=\"og:type\" content=\"article\" \/>\n<meta property=\"og:title\" content=\"Los ni\u00f1os de catequesis visitan la residencia de mayores San Rafael - Parroquia Mar\u00eda Auxiliadora\" \/>\n<meta property=\"og:description\" content=\"\u00bfQui\u00e9nes formamos la Comunidad Salesiana?Nuestra Obra Salesiana, es una casa habitada por una comunidad de Salesianos que se dedica a tiempo pleno a acompa\u00f1ar, rezar y animar a los diversos proyectos y ambientes educativo-pastorales. Participamos de muy diversas maneras en la animaci\u00f3n de toda la Obra Salesiana de Salamanca - Mar\u00eda Auxiliadora, prodigando tiempos, atenci\u00f3n [&hellip;]\" \/>\n<meta property=\"og:url\" content=\"https:\/\/salesianosmaux.es\/parroquia\/2023\/12\/19\/los-ninos-de-catequesis-visitan-la-residencia-de-mayores-san-rafael\/\" \/>\n<meta property=\"og:site_name\" content=\"Parroquia Mar\u00eda Auxiliadora\" \/>\n<meta property=\"article:published_time\" content=\"2023-12-19T08:54:22+00:00\" \/>\n<meta property=\"article:modified_time\" content=\"2023-12-19T08:55:58+00:00\" \/>\n<meta property=\"og:image\" content=\"https:\/\/salesianosmaux.es\/parroquia\/wp-content\/uploads\/sites\/8\/2023\/12\/eb025fb3-68d7-4f0d-b274-a332f0b54c37.jpeg\" \/>\n\t<meta property=\"og:image:width\" content=\"1536\" \/>\n\t<meta property=\"og:image:height\" content=\"2048\" \/>\n\t<meta property=\"og:image:type\" content=\"image\/jpeg\" \/>\n<meta name=\"author\" content=\"admin\" \/>\n<meta name=\"twitter:card\" content=\"summary_large_image\" \/>\n<meta name=\"twitter:label1\" content=\"Escrito por\" \/>\n\t<meta name=\"twitter:data1\" content=\"admin\" \/>\n\t<meta name=\"twitter:label2\" content=\"Tiempo de lectura\" \/>\n\t<meta name=\"twitter:data2\" content=\"1 minuto\" \/>\n<script type=\"application\/ld+json\" class=\"yoast-schema-graph\">{\"@context\":\"https:\\\/\\\/schema.org\",\"@graph\":[{\"@type\":\"Article\",\"@id\":\"https:\\\/\\\/salesianosmaux.es\\\/parroquia\\\/2023\\\/12\\\/19\\\/los-ninos-de-catequesis-visitan-la-residencia-de-mayores-san-rafael\\\/#article\",\"isPartOf\":{\"@id\":\"https:\\\/\\\/salesianosmaux.es\\\/parroquia\\\/2023\\\/12\\\/19\\\/los-ninos-de-catequesis-visitan-la-residencia-de-mayores-san-rafael\\\/\"},\"author\":{\"name\":\"admin\",\"@id\":\"https:\\\/\\\/salesianosmaux.es\\\/parroquia\\\/#\\\/schema\\\/person\\\/9bd111fcfb5210d0fa466bfc8154b2f8\"},\"headline\":\"Los ni\u00f1os de catequesis visitan la residencia de mayores San Rafael\",\"datePublished\":\"2023-12-19T08:54:22+00:00\",\"dateModified\":\"2023-12-19T08:55:58+00:00\",\"mainEntityOfPage\":{\"@id\":\"https:\\\/\\\/salesianosmaux.es\\\/parroquia\\\/2023\\\/12\\\/19\\\/los-ninos-de-catequesis-visitan-la-residencia-de-mayores-san-rafael\\\/\"},\"wordCount\":286,\"commentCount\":0,\"image\":{\"@id\":\"https:\\\/\\\/salesianosmaux.es\\\/parroquia\\\/2023\\\/12\\\/19\\\/los-ninos-de-catequesis-visitan-la-residencia-de-mayores-san-rafael\\\/#primaryimage\"},\"thumbnailUrl\":\"https:\\\/\\\/salesianosmaux.es\\\/parroquia\\\/wp-content\\\/uploads\\\/sites\\\/8\\\/2023\\\/12\\\/eb025fb3-68d7-4f0d-b274-a332f0b54c37.jpeg\",\"inLanguage\":\"es\",\"potentialAction\":[{\"@type\":\"CommentAction\",\"name\":\"Comment\",\"target\":[\"https:\\\/\\\/salesianosmaux.es\\\/parroquia\\\/2023\\\/12\\\/19\\\/los-ninos-de-catequesis-visitan-la-residencia-de-mayores-san-rafael\\\/#respond\"]}]},{\"@type\":\"WebPage\",\"@id\":\"https:\\\/\\\/salesianosmaux.es\\\/parroquia\\\/2023\\\/12\\\/19\\\/los-ninos-de-catequesis-visitan-la-residencia-de-mayores-san-rafael\\\/\",\"url\":\"https:\\\/\\\/salesianosmaux.es\\\/parroquia\\\/2023\\\/12\\\/19\\\/los-ninos-de-catequesis-visitan-la-residencia-de-mayores-san-rafael\\\/\",\"name\":\"Los ni\u00f1os de catequesis visitan la residencia de mayores San Rafael - Parroquia Mar\u00eda Auxiliadora\",\"isPartOf\":{\"@id\":\"https:\\\/\\\/salesianosmaux.es\\\/parroquia\\\/#website\"},\"primaryImageOfPage\":{\"@id\":\"https:\\\/\\\/salesianosmaux.es\\\/parroquia\\\/2023\\\/12\\\/19\\\/los-ninos-de-catequesis-visitan-la-residencia-de-mayores-san-rafael\\\/#primaryimage\"},\"image\":{\"@id\":\"https:\\\/\\\/salesianosmaux.es\\\/parroquia\\\/2023\\\/12\\\/19\\\/los-ninos-de-catequesis-visitan-la-residencia-de-mayores-san-rafael\\\/#primaryimage\"},\"thumbnailUrl\":\"https:\\\/\\\/salesianosmaux.es\\\/parroquia\\\/wp-content\\\/uploads\\\/sites\\\/8\\\/2023\\\/12\\\/eb025fb3-68d7-4f0d-b274-a332f0b54c37.jpeg\",\"datePublished\":\"2023-12-19T08:54:22+00:00\",\"dateModified\":\"2023-12-19T08:55:58+00:00\",\"author\":{\"@id\":\"https:\\\/\\\/salesianosmaux.es\\\/parroquia\\\/#\\\/schema\\\/person\\\/9bd111fcfb5210d0fa466bfc8154b2f8\"},\"breadcrumb\":{\"@id\":\"https:\\\/\\\/salesianosmaux.es\\\/parroquia\\\/2023\\\/12\\\/19\\\/los-ninos-de-catequesis-visitan-la-residencia-de-mayores-san-rafael\\\/#breadcrumb\"},\"inLanguage\":\"es\",\"potentialAction\":[{\"@type\":\"ReadAction\",\"target\":[\"https:\\\/\\\/salesianosmaux.es\\\/parroquia\\\/2023\\\/12\\\/19\\\/los-ninos-de-catequesis-visitan-la-residencia-de-mayores-san-rafael\\\/\"]}]},{\"@type\":\"ImageObject\",\"inLanguage\":\"es\",\"@id\":\"https:\\\/\\\/salesianosmaux.es\\\/parroquia\\\/2023\\\/12\\\/19\\\/los-ninos-de-catequesis-visitan-la-residencia-de-mayores-san-rafael\\\/#primaryimage\",\"url\":\"https:\\\/\\\/salesianosmaux.es\\\/parroquia\\\/wp-content\\\/uploads\\\/sites\\\/8\\\/2023\\\/12\\\/eb025fb3-68d7-4f0d-b274-a332f0b54c37.jpeg\",\"contentUrl\":\"https:\\\/\\\/salesianosmaux.es\\\/parroquia\\\/wp-content\\\/uploads\\\/sites\\\/8\\\/2023\\\/12\\\/eb025fb3-68d7-4f0d-b274-a332f0b54c37.jpeg\",\"width\":1536,\"height\":2048},{\"@type\":\"BreadcrumbList\",\"@id\":\"https:\\\/\\\/salesianosmaux.es\\\/parroquia\\\/2023\\\/12\\\/19\\\/los-ninos-de-catequesis-visitan-la-residencia-de-mayores-san-rafael\\\/#breadcrumb\",\"itemListElement\":[{\"@type\":\"ListItem\",\"position\":1,\"name\":\"Portada\",\"item\":\"https:\\\/\\\/salesianosmaux.es\\\/parroquia\\\/\"},{\"@type\":\"ListItem\",\"position\":2,\"name\":\"Los ni\u00f1os de catequesis visitan la residencia de mayores San Rafael\"}]},{\"@type\":\"WebSite\",\"@id\":\"https:\\\/\\\/salesianosmaux.es\\\/parroquia\\\/#website\",\"url\":\"https:\\\/\\\/salesianosmaux.es\\\/parroquia\\\/\",\"name\":\"Parroquia Mar\u00eda Auxiliadora\",\"description\":\"\",\"potentialAction\":[{\"@type\":\"SearchAction\",\"target\":{\"@type\":\"EntryPoint\",\"urlTemplate\":\"https:\\\/\\\/salesianosmaux.es\\\/parroquia\\\/?s={search_term_string}\"},\"query-input\":{\"@type\":\"PropertyValueSpecification\",\"valueRequired\":true,\"valueName\":\"search_term_string\"}}],\"inLanguage\":\"es\"},{\"@type\":\"Person\",\"@id\":\"https:\\\/\\\/salesianosmaux.es\\\/parroquia\\\/#\\\/schema\\\/person\\\/9bd111fcfb5210d0fa466bfc8154b2f8\",\"name\":\"admin\",\"image\":{\"@type\":\"ImageObject\",\"inLanguage\":\"es\",\"@id\":\"https:\\\/\\\/secure.gravatar.com\\\/avatar\\\/09550e5c75cc821753a661f1c7f497ea1bbe9e394289f33e436a29a7df762242?s=96&d=mm&r=g\",\"url\":\"https:\\\/\\\/secure.gravatar.com\\\/avatar\\\/09550e5c75cc821753a661f1c7f497ea1bbe9e394289f33e436a29a7df762242?s=96&d=mm&r=g\",\"contentUrl\":\"https:\\\/\\\/secure.gravatar.com\\\/avatar\\\/09550e5c75cc821753a661f1c7f497ea1bbe9e394289f33e436a29a7df762242?s=96&d=mm&r=g\",\"caption\":\"admin\"},\"sameAs\":[\"https:\\\/\\\/salesianosmaux.es\"],\"url\":\"https:\\\/\\\/salesianosmaux.es\\\/parroquia\\\/author\\\/salamanca_95jmwv72\\\/\"}]}<\/script>\n<!-- \/ Yoast SEO plugin. -->","yoast_head_json":{"title":"Los ni\u00f1os de catequesis visitan la residencia de mayores San Rafael - Parroquia Mar\u00eda Auxiliadora","robots":{"index":"index","follow":"follow","max-snippet":"max-snippet:-1","max-image-preview":"max-image-preview:large","max-video-preview":"max-video-preview:-1"},"canonical":"https:\/\/salesianosmaux.es\/parroquia\/2023\/12\/19\/los-ninos-de-catequesis-visitan-la-residencia-de-mayores-san-rafael\/","og_locale":"es_ES","og_type":"article","og_title":"Los ni\u00f1os de catequesis visitan la residencia de mayores San Rafael - Parroquia Mar\u00eda Auxiliadora","og_description":"\u00bfQui\u00e9nes formamos la Comunidad Salesiana?Nuestra Obra Salesiana, es una casa habitada por una comunidad de Salesianos que se dedica a tiempo pleno a acompa\u00f1ar, rezar y animar a los diversos proyectos y ambientes educativo-pastorales. Participamos de muy diversas maneras en la animaci\u00f3n de toda la Obra Salesiana de Salamanca - Mar\u00eda Auxiliadora, prodigando tiempos, atenci\u00f3n [&hellip;]","og_url":"https:\/\/salesianosmaux.es\/parroquia\/2023\/12\/19\/los-ninos-de-catequesis-visitan-la-residencia-de-mayores-san-rafael\/","og_site_name":"Parroquia Mar\u00eda Auxiliadora","article_published_time":"2023-12-19T08:54:22+00:00","article_modified_time":"2023-12-19T08:55:58+00:00","og_image":[{"width":1536,"height":2048,"url":"https:\/\/salesianosmaux.es\/parroquia\/wp-content\/uploads\/sites\/8\/2023\/12\/eb025fb3-68d7-4f0d-b274-a332f0b54c37.jpeg","type":"image\/jpeg"}],"author":"admin","twitter_card":"summary_large_image","twitter_misc":{"Escrito por":"admin","Tiempo de lectura":"1 minuto"},"schema":{"@context":"https:\/\/schema.org","@graph":[{"@type":"Article","@id":"https:\/\/salesianosmaux.es\/parroquia\/2023\/12\/19\/los-ninos-de-catequesis-visitan-la-residencia-de-mayores-san-rafael\/#article","isPartOf":{"@id":"https:\/\/salesianosmaux.es\/parroquia\/2023\/12\/19\/los-ninos-de-catequesis-visitan-la-residencia-de-mayores-san-rafael\/"},"author":{"name":"admin","@id":"https:\/\/salesianosmaux.es\/parroquia\/#\/schema\/person\/9bd111fcfb5210d0fa466bfc8154b2f8"},"headline":"Los ni\u00f1os de catequesis visitan la residencia de mayores San Rafael","datePublished":"2023-12-19T08:54:22+00:00","dateModified":"2023-12-19T08:55:58+00:00","mainEntityOfPage":{"@id":"https:\/\/salesianosmaux.es\/parroquia\/2023\/12\/19\/los-ninos-de-catequesis-visitan-la-residencia-de-mayores-san-rafael\/"},"wordCount":286,"commentCount":0,"image":{"@id":"https:\/\/salesianosmaux.es\/parroquia\/2023\/12\/19\/los-ninos-de-catequesis-visitan-la-residencia-de-mayores-san-rafael\/#primaryimage"},"thumbnailUrl":"https:\/\/salesianosmaux.es\/parroquia\/wp-content\/uploads\/sites\/8\/2023\/12\/eb025fb3-68d7-4f0d-b274-a332f0b54c37.jpeg","inLanguage":"es","potentialAction":[{"@type":"CommentAction","name":"Comment","target":["https:\/\/salesianosmaux.es\/parroquia\/2023\/12\/19\/los-ninos-de-catequesis-visitan-la-residencia-de-mayores-san-rafael\/#respond"]}]},{"@type":"WebPage","@id":"https:\/\/salesianosmaux.es\/parroquia\/2023\/12\/19\/los-ninos-de-catequesis-visitan-la-residencia-de-mayores-san-rafael\/","url":"https:\/\/salesianosmaux.es\/parroquia\/2023\/12\/19\/los-ninos-de-catequesis-visitan-la-residencia-de-mayores-san-rafael\/","name":"Los ni\u00f1os de catequesis visitan la residencia de mayores San Rafael - Parroquia Mar\u00eda Auxiliadora","isPartOf":{"@id":"https:\/\/salesianosmaux.es\/parroquia\/#website"},"primaryImageOfPage":{"@id":"https:\/\/salesianosmaux.es\/parroquia\/2023\/12\/19\/los-ninos-de-catequesis-visitan-la-residencia-de-mayores-san-rafael\/#primaryimage"},"image":{"@id":"https:\/\/salesianosmaux.es\/parroquia\/2023\/12\/19\/los-ninos-de-catequesis-visitan-la-residencia-de-mayores-san-rafael\/#primaryimage"},"thumbnailUrl":"https:\/\/salesianosmaux.es\/parroquia\/wp-content\/uploads\/sites\/8\/2023\/12\/eb025fb3-68d7-4f0d-b274-a332f0b54c37.jpeg","datePublished":"2023-12-19T08:54:22+00:00","dateModified":"2023-12-19T08:55:58+00:00","author":{"@id":"https:\/\/salesianosmaux.es\/parroquia\/#\/schema\/person\/9bd111fcfb5210d0fa466bfc8154b2f8"},"breadcrumb":{"@id":"https:\/\/salesianosmaux.es\/parroquia\/2023\/12\/19\/los-ninos-de-catequesis-visitan-la-residencia-de-mayores-san-rafael\/#breadcrumb"},"inLanguage":"es","potentialAction":[{"@type":"ReadAction","target":["https:\/\/salesianosmaux.es\/parroquia\/2023\/12\/19\/los-ninos-de-catequesis-visitan-la-residencia-de-mayores-san-rafael\/"]}]},{"@type":"ImageObject","inLanguage":"es","@id":"https:\/\/salesianosmaux.es\/parroquia\/2023\/12\/19\/los-ninos-de-catequesis-visitan-la-residencia-de-mayores-san-rafael\/#primaryimage","url":"https:\/\/salesianosmaux.es\/parroquia\/wp-content\/uploads\/sites\/8\/2023\/12\/eb025fb3-68d7-4f0d-b274-a332f0b54c37.jpeg","contentUrl":"https:\/\/salesianosmaux.es\/parroquia\/wp-content\/uploads\/sites\/8\/2023\/12\/eb025fb3-68d7-4f0d-b274-a332f0b54c37.jpeg","width":1536,"height":2048},{"@type":"BreadcrumbList","@id":"https:\/\/salesianosmaux.es\/parroquia\/2023\/12\/19\/los-ninos-de-catequesis-visitan-la-residencia-de-mayores-san-rafael\/#breadcrumb","itemListElement":[{"@type":"ListItem","position":1,"name":"Portada","item":"https:\/\/salesianosmaux.es\/parroquia\/"},{"@type":"ListItem","position":2,"name":"Los ni\u00f1os de catequesis visitan la residencia de mayores San Rafael"}]},{"@type":"WebSite","@id":"https:\/\/salesianosmaux.es\/parroquia\/#website","url":"https:\/\/salesianosmaux.es\/parroquia\/","name":"Parroquia Mar\u00eda Auxiliadora","description":"","potentialAction":[{"@type":"SearchAction","target":{"@type":"EntryPoint","urlTemplate":"https:\/\/salesianosmaux.es\/parroquia\/?s={search_term_string}"},"query-input":{"@type":"PropertyValueSpecification","valueRequired":true,"valueName":"search_term_string"}}],"inLanguage":"es"},{"@type":"Person","@id":"https:\/\/salesianosmaux.es\/parroquia\/#\/schema\/person\/9bd111fcfb5210d0fa466bfc8154b2f8","name":"admin","image":{"@type":"ImageObject","inLanguage":"es","@id":"https:\/\/secure.gravatar.com\/avatar\/09550e5c75cc821753a661f1c7f497ea1bbe9e394289f33e436a29a7df762242?s=96&d=mm&r=g","url":"https:\/\/secure.gravatar.com\/avatar\/09550e5c75cc821753a661f1c7f497ea1bbe9e394289f33e436a29a7df762242?s=96&d=mm&r=g","contentUrl":"https:\/\/secure.gravatar.com\/avatar\/09550e5c75cc821753a661f1c7f497ea1bbe9e394289f33e436a29a7df762242?s=96&d=mm&r=g","caption":"admin"},"sameAs":["https:\/\/salesianosmaux.es"],"url":"https:\/\/salesianosmaux.es\/parroquia\/author\/salamanca_95jmwv72\/"}]}},"_links":{"self":[{"href":"https:\/\/salesianosmaux.es\/parroquia\/wp-json\/wp\/v2\/posts\/589","targetHints":{"allow":["GET"]}}],"collection":[{"href":"https:\/\/salesianosmaux.es\/parroquia\/wp-json\/wp\/v2\/posts"}],"about":[{"href":"https:\/\/salesianosmaux.es\/parroquia\/wp-json\/wp\/v2\/types\/post"}],"author":[{"embeddable":true,"href":"https:\/\/salesianosmaux.es\/parroquia\/wp-json\/wp\/v2\/users\/1"}],"replies":[{"embeddable":true,"href":"https:\/\/salesianosmaux.es\/parroquia\/wp-json\/wp\/v2\/comments?post=589"}],"version-history":[{"count":3,"href":"https:\/\/salesianosmaux.es\/parroquia\/wp-json\/wp\/v2\/posts\/589\/revisions"}],"predecessor-version":[{"id":596,"href":"https:\/\/salesianosmaux.es\/parroquia\/wp-json\/wp\/v2\/posts\/589\/revisions\/596"}],"wp:featuredmedia":[{"embeddable":true,"href":"https:\/\/salesianosmaux.es\/parroquia\/wp-json\/wp\/v2\/media\/591"}],"wp:attachment":[{"href":"https:\/\/salesianosmaux.es\/parroquia\/wp-json\/wp\/v2\/media?parent=589"}],"wp:term":[{"taxonomy":"category","embeddable":true,"href":"https:\/\/salesianosmaux.es\/parroquia\/wp-json\/wp\/v2\/categories?post=589"},{"taxonomy":"post_tag","embeddable":true,"href":"https:\/\/salesianosmaux.es\/parroquia\/wp-json\/wp\/v2\/tags?post=589"}],"curies":[{"name":"wp","href":"https:\/\/api.w.org\/{rel}","templated":true}]}}