{"id":603,"date":"2024-03-24T16:25:10","date_gmt":"2024-03-24T16:25:10","guid":{"rendered":"https:\/\/salesianosmaux.es\/parroquia\/?p=603"},"modified":"2024-03-24T16:25:10","modified_gmt":"2024-03-24T16:25:10","slug":"semana-santa-2024","status":"publish","type":"post","link":"https:\/\/salesianosmaux.es\/parroquia\/2024\/03\/24\/semana-santa-2024\/","title":{"rendered":"Semana Santa 2024"},"content":{"rendered":"<p>[et_pb_section fb_built=\u00bb1&#8243; theme_builder_area=\u00bbpost_content\u00bb _builder_version=\u00bb4.24.2&#8243; _module_preset=\u00bbdefault\u00bb][et_pb_row _builder_version=\u00bb4.24.2&#8243; _module_preset=\u00bbdefault\u00bb theme_builder_area=\u00bbpost_content\u00bb][et_pb_column _builder_version=\u00bb4.24.2&#8243; _module_preset=\u00bbdefault\u00bb type=\u00bb4_4&#8243; theme_builder_area=\u00bbpost_content\u00bb][et_pb_text _builder_version=\u00bb4.24.2&#8243; _module_preset=\u00bbdefault\u00bb theme_builder_area=\u00bbpost_content\u00bb hover_enabled=\u00bb0&#8243; sticky_enabled=\u00bb0&#8243;]<\/p>\n<h4><\/h4>\n<h4>24 DE MARZO &#8211; DOMINGO DE RAMOS<\/h4>\n<ul>\n<li>Eucarist\u00edas: 9, 10, 11, 12, 13, 19 y 20 h.<\/li>\n<li>Bendici\u00f3n de ramos 11 y 13 h.<\/li>\n<\/ul>\n<h4>28 DE MARZO &#8211; JUEVES SANTO<\/h4>\n<ul>\n<li>09:00 h Rezo de LAUDES<\/li>\n<li>18:00 h Celebraci\u00f3n CENA DEL SE\u00d1OR<\/li>\n<li>22:00 h HORA SANTA<\/li>\n<\/ul>\n<h4>29 DE MARZO &#8211; VIERNES SANTO<\/h4>\n<ul>\n<li>09:00 h Rezo de LAUDES<\/li>\n<li>12:00 h VIA CRUCIS<\/li>\n<li>17:00 h Celebraci\u00f3n PASI\u00d3N Y MUERTE DEL SE\u00d1OR<\/li>\n<\/ul>\n<h4>30 DE MARZO &#8211; S\u00c1BADO SANTO<\/h4>\n<ul>\n<li>09:00 h Rezo de LAUDES<\/li>\n<li>12:00 h VIA MATRIS<\/li>\n<li>22:00 h Celebraci\u00f3n VIGILIA PASCUAL<\/li>\n<\/ul>\n<h4>31 DE MARZO &#8211; PASCUA DE RESURRECCI\u00d3N<\/h4>\n<ul>\n<li>Eucarist\u00edas: 9, 10, 11, 12, 13, 19 y 20 h.<\/li>\n<\/ul>\n<p>&nbsp;<\/p>\n<p>[\/et_pb_text][\/et_pb_column][\/et_pb_row][\/et_pb_section]<\/p>\n","protected":false},"excerpt":{"rendered":"<p>24 DE MARZO &#8211; DOMINGO DE RAMOS Eucarist\u00edas: 9, 10, 11, 12, 13, 19 y 20 h. Bendici\u00f3n de ramos 11 y 13 h. 28 DE MARZO &#8211; JUEVES SANTO 09:00 h Rezo de LAUDES 18:00 h Celebraci\u00f3n CENA DEL SE\u00d1OR 22:00 h HORA SANTA 29 DE MARZO &#8211; VIERNES SANTO 09:00 h Rezo de [&hellip;]<\/p>\n","protected":false},"author":1,"featured_media":605,"comment_status":"open","ping_status":"open","sticky":false,"template":"","format":"standard","meta":{"_et_pb_use_builder":"on","_et_pb_old_content":"","_et_gb_content_width":"","footnotes":""},"categories":[13,12],"tags":[],"class_list":["post-603","post","type-post","status-publish","format-standard","has-post-thumbnail","hentry","category-casa","category-parroquia"],"yoast_head":"<!-- This site is optimized with the Yoast SEO plugin v28.3 - https:\/\/yoast.com\/product\/yoast-seo-wordpress\/ -->\n<title>Semana Santa 2024 - Parroquia Mar\u00eda Auxiliadora<\/title>\n<meta name=\"robots\" content=\"index, follow, max-snippet:-1, max-image-preview:large, max-video-preview:-1\" \/>\n<link rel=\"canonical\" href=\"https:\/\/salesianosmaux.es\/parroquia\/2024\/03\/24\/semana-santa-2024\/\" \/>\n<meta property=\"og:locale\" content=\"es_ES\" \/>\n<meta property=\"og:type\" content=\"article\" \/>\n<meta property=\"og:title\" content=\"Semana Santa 2024 - Parroquia Mar\u00eda Auxiliadora\" \/>\n<meta property=\"og:description\" content=\"\u00bfQui\u00e9nes formamos la Comunidad Salesiana?Nuestra Obra Salesiana, es una casa habitada por una comunidad de Salesianos que se dedica a tiempo pleno a acompa\u00f1ar, rezar y animar a los diversos proyectos y ambientes educativo-pastorales. Participamos de muy diversas maneras en la animaci\u00f3n de toda la Obra Salesiana de Salamanca - Mar\u00eda Auxiliadora, prodigando tiempos, atenci\u00f3n [&hellip;]\" \/>\n<meta property=\"og:url\" content=\"https:\/\/salesianosmaux.es\/parroquia\/2024\/03\/24\/semana-santa-2024\/\" \/>\n<meta property=\"og:site_name\" content=\"Parroquia Mar\u00eda Auxiliadora\" \/>\n<meta property=\"article:published_time\" content=\"2024-03-24T16:25:10+00:00\" \/>\n<meta property=\"og:image\" content=\"https:\/\/salesianosmaux.es\/parroquia\/wp-content\/uploads\/sites\/8\/2024\/03\/Procesion1.jpeg\" \/>\n\t<meta property=\"og:image:width\" content=\"1150\" \/>\n\t<meta property=\"og:image:height\" content=\"960\" \/>\n\t<meta property=\"og:image:type\" content=\"image\/jpeg\" \/>\n<meta name=\"author\" content=\"admin\" \/>\n<meta name=\"twitter:card\" content=\"summary_large_image\" \/>\n<meta name=\"twitter:label1\" content=\"Escrito por\" \/>\n\t<meta name=\"twitter:data1\" content=\"admin\" \/>\n<script type=\"application\/ld+json\" class=\"yoast-schema-graph\">{\"@context\":\"https:\\\/\\\/schema.org\",\"@graph\":[{\"@type\":\"Article\",\"@id\":\"https:\\\/\\\/salesianosmaux.es\\\/parroquia\\\/2024\\\/03\\\/24\\\/semana-santa-2024\\\/#article\",\"isPartOf\":{\"@id\":\"https:\\\/\\\/salesianosmaux.es\\\/parroquia\\\/2024\\\/03\\\/24\\\/semana-santa-2024\\\/\"},\"author\":{\"name\":\"admin\",\"@id\":\"https:\\\/\\\/salesianosmaux.es\\\/parroquia\\\/#\\\/schema\\\/person\\\/9bd111fcfb5210d0fa466bfc8154b2f8\"},\"headline\":\"Semana Santa 2024\",\"datePublished\":\"2024-03-24T16:25:10+00:00\",\"mainEntityOfPage\":{\"@id\":\"https:\\\/\\\/salesianosmaux.es\\\/parroquia\\\/2024\\\/03\\\/24\\\/semana-santa-2024\\\/\"},\"wordCount\":160,\"commentCount\":0,\"image\":{\"@id\":\"https:\\\/\\\/salesianosmaux.es\\\/parroquia\\\/2024\\\/03\\\/24\\\/semana-santa-2024\\\/#primaryimage\"},\"thumbnailUrl\":\"https:\\\/\\\/salesianosmaux.es\\\/parroquia\\\/wp-content\\\/uploads\\\/sites\\\/8\\\/2024\\\/03\\\/Procesion1.jpeg\",\"articleSection\":[\"Casa\",\"Parroquia\"],\"inLanguage\":\"es\",\"potentialAction\":[{\"@type\":\"CommentAction\",\"name\":\"Comment\",\"target\":[\"https:\\\/\\\/salesianosmaux.es\\\/parroquia\\\/2024\\\/03\\\/24\\\/semana-santa-2024\\\/#respond\"]}]},{\"@type\":\"WebPage\",\"@id\":\"https:\\\/\\\/salesianosmaux.es\\\/parroquia\\\/2024\\\/03\\\/24\\\/semana-santa-2024\\\/\",\"url\":\"https:\\\/\\\/salesianosmaux.es\\\/parroquia\\\/2024\\\/03\\\/24\\\/semana-santa-2024\\\/\",\"name\":\"Semana Santa 2024 - Parroquia Mar\u00eda Auxiliadora\",\"isPartOf\":{\"@id\":\"https:\\\/\\\/salesianosmaux.es\\\/parroquia\\\/#website\"},\"primaryImageOfPage\":{\"@id\":\"https:\\\/\\\/salesianosmaux.es\\\/parroquia\\\/2024\\\/03\\\/24\\\/semana-santa-2024\\\/#primaryimage\"},\"image\":{\"@id\":\"https:\\\/\\\/salesianosmaux.es\\\/parroquia\\\/2024\\\/03\\\/24\\\/semana-santa-2024\\\/#primaryimage\"},\"thumbnailUrl\":\"https:\\\/\\\/salesianosmaux.es\\\/parroquia\\\/wp-content\\\/uploads\\\/sites\\\/8\\\/2024\\\/03\\\/Procesion1.jpeg\",\"datePublished\":\"2024-03-24T16:25:10+00:00\",\"author\":{\"@id\":\"https:\\\/\\\/salesianosmaux.es\\\/parroquia\\\/#\\\/schema\\\/person\\\/9bd111fcfb5210d0fa466bfc8154b2f8\"},\"breadcrumb\":{\"@id\":\"https:\\\/\\\/salesianosmaux.es\\\/parroquia\\\/2024\\\/03\\\/24\\\/semana-santa-2024\\\/#breadcrumb\"},\"inLanguage\":\"es\",\"potentialAction\":[{\"@type\":\"ReadAction\",\"target\":[\"https:\\\/\\\/salesianosmaux.es\\\/parroquia\\\/2024\\\/03\\\/24\\\/semana-santa-2024\\\/\"]}]},{\"@type\":\"ImageObject\",\"inLanguage\":\"es\",\"@id\":\"https:\\\/\\\/salesianosmaux.es\\\/parroquia\\\/2024\\\/03\\\/24\\\/semana-santa-2024\\\/#primaryimage\",\"url\":\"https:\\\/\\\/salesianosmaux.es\\\/parroquia\\\/wp-content\\\/uploads\\\/sites\\\/8\\\/2024\\\/03\\\/Procesion1.jpeg\",\"contentUrl\":\"https:\\\/\\\/salesianosmaux.es\\\/parroquia\\\/wp-content\\\/uploads\\\/sites\\\/8\\\/2024\\\/03\\\/Procesion1.jpeg\",\"width\":1150,\"height\":960},{\"@type\":\"BreadcrumbList\",\"@id\":\"https:\\\/\\\/salesianosmaux.es\\\/parroquia\\\/2024\\\/03\\\/24\\\/semana-santa-2024\\\/#breadcrumb\",\"itemListElement\":[{\"@type\":\"ListItem\",\"position\":1,\"name\":\"Portada\",\"item\":\"https:\\\/\\\/salesianosmaux.es\\\/parroquia\\\/\"},{\"@type\":\"ListItem\",\"position\":2,\"name\":\"Semana Santa 2024\"}]},{\"@type\":\"WebSite\",\"@id\":\"https:\\\/\\\/salesianosmaux.es\\\/parroquia\\\/#website\",\"url\":\"https:\\\/\\\/salesianosmaux.es\\\/parroquia\\\/\",\"name\":\"Parroquia Mar\u00eda Auxiliadora\",\"description\":\"\",\"potentialAction\":[{\"@type\":\"SearchAction\",\"target\":{\"@type\":\"EntryPoint\",\"urlTemplate\":\"https:\\\/\\\/salesianosmaux.es\\\/parroquia\\\/?s={search_term_string}\"},\"query-input\":{\"@type\":\"PropertyValueSpecification\",\"valueRequired\":true,\"valueName\":\"search_term_string\"}}],\"inLanguage\":\"es\"},{\"@type\":\"Person\",\"@id\":\"https:\\\/\\\/salesianosmaux.es\\\/parroquia\\\/#\\\/schema\\\/person\\\/9bd111fcfb5210d0fa466bfc8154b2f8\",\"name\":\"admin\",\"image\":{\"@type\":\"ImageObject\",\"inLanguage\":\"es\",\"@id\":\"https:\\\/\\\/secure.gravatar.com\\\/avatar\\\/09550e5c75cc821753a661f1c7f497ea1bbe9e394289f33e436a29a7df762242?s=96&d=mm&r=g\",\"url\":\"https:\\\/\\\/secure.gravatar.com\\\/avatar\\\/09550e5c75cc821753a661f1c7f497ea1bbe9e394289f33e436a29a7df762242?s=96&d=mm&r=g\",\"contentUrl\":\"https:\\\/\\\/secure.gravatar.com\\\/avatar\\\/09550e5c75cc821753a661f1c7f497ea1bbe9e394289f33e436a29a7df762242?s=96&d=mm&r=g\",\"caption\":\"admin\"},\"sameAs\":[\"https:\\\/\\\/salesianosmaux.es\"],\"url\":\"https:\\\/\\\/salesianosmaux.es\\\/parroquia\\\/author\\\/salamanca_95jmwv72\\\/\"}]}<\/script>\n<!-- \/ Yoast SEO plugin. -->","yoast_head_json":{"title":"Semana Santa 2024 - Parroquia Mar\u00eda Auxiliadora","robots":{"index":"index","follow":"follow","max-snippet":"max-snippet:-1","max-image-preview":"max-image-preview:large","max-video-preview":"max-video-preview:-1"},"canonical":"https:\/\/salesianosmaux.es\/parroquia\/2024\/03\/24\/semana-santa-2024\/","og_locale":"es_ES","og_type":"article","og_title":"Semana Santa 2024 - Parroquia Mar\u00eda Auxiliadora","og_description":"\u00bfQui\u00e9nes formamos la Comunidad Salesiana?Nuestra Obra Salesiana, es una casa habitada por una comunidad de Salesianos que se dedica a tiempo pleno a acompa\u00f1ar, rezar y animar a los diversos proyectos y ambientes educativo-pastorales. Participamos de muy diversas maneras en la animaci\u00f3n de toda la Obra Salesiana de Salamanca - Mar\u00eda Auxiliadora, prodigando tiempos, atenci\u00f3n [&hellip;]","og_url":"https:\/\/salesianosmaux.es\/parroquia\/2024\/03\/24\/semana-santa-2024\/","og_site_name":"Parroquia Mar\u00eda Auxiliadora","article_published_time":"2024-03-24T16:25:10+00:00","og_image":[{"width":1150,"height":960,"url":"https:\/\/salesianosmaux.es\/parroquia\/wp-content\/uploads\/sites\/8\/2024\/03\/Procesion1.jpeg","type":"image\/jpeg"}],"author":"admin","twitter_card":"summary_large_image","twitter_misc":{"Escrito por":"admin"},"schema":{"@context":"https:\/\/schema.org","@graph":[{"@type":"Article","@id":"https:\/\/salesianosmaux.es\/parroquia\/2024\/03\/24\/semana-santa-2024\/#article","isPartOf":{"@id":"https:\/\/salesianosmaux.es\/parroquia\/2024\/03\/24\/semana-santa-2024\/"},"author":{"name":"admin","@id":"https:\/\/salesianosmaux.es\/parroquia\/#\/schema\/person\/9bd111fcfb5210d0fa466bfc8154b2f8"},"headline":"Semana Santa 2024","datePublished":"2024-03-24T16:25:10+00:00","mainEntityOfPage":{"@id":"https:\/\/salesianosmaux.es\/parroquia\/2024\/03\/24\/semana-santa-2024\/"},"wordCount":160,"commentCount":0,"image":{"@id":"https:\/\/salesianosmaux.es\/parroquia\/2024\/03\/24\/semana-santa-2024\/#primaryimage"},"thumbnailUrl":"https:\/\/salesianosmaux.es\/parroquia\/wp-content\/uploads\/sites\/8\/2024\/03\/Procesion1.jpeg","articleSection":["Casa","Parroquia"],"inLanguage":"es","potentialAction":[{"@type":"CommentAction","name":"Comment","target":["https:\/\/salesianosmaux.es\/parroquia\/2024\/03\/24\/semana-santa-2024\/#respond"]}]},{"@type":"WebPage","@id":"https:\/\/salesianosmaux.es\/parroquia\/2024\/03\/24\/semana-santa-2024\/","url":"https:\/\/salesianosmaux.es\/parroquia\/2024\/03\/24\/semana-santa-2024\/","name":"Semana Santa 2024 - Parroquia Mar\u00eda Auxiliadora","isPartOf":{"@id":"https:\/\/salesianosmaux.es\/parroquia\/#website"},"primaryImageOfPage":{"@id":"https:\/\/salesianosmaux.es\/parroquia\/2024\/03\/24\/semana-santa-2024\/#primaryimage"},"image":{"@id":"https:\/\/salesianosmaux.es\/parroquia\/2024\/03\/24\/semana-santa-2024\/#primaryimage"},"thumbnailUrl":"https:\/\/salesianosmaux.es\/parroquia\/wp-content\/uploads\/sites\/8\/2024\/03\/Procesion1.jpeg","datePublished":"2024-03-24T16:25:10+00:00","author":{"@id":"https:\/\/salesianosmaux.es\/parroquia\/#\/schema\/person\/9bd111fcfb5210d0fa466bfc8154b2f8"},"breadcrumb":{"@id":"https:\/\/salesianosmaux.es\/parroquia\/2024\/03\/24\/semana-santa-2024\/#breadcrumb"},"inLanguage":"es","potentialAction":[{"@type":"ReadAction","target":["https:\/\/salesianosmaux.es\/parroquia\/2024\/03\/24\/semana-santa-2024\/"]}]},{"@type":"ImageObject","inLanguage":"es","@id":"https:\/\/salesianosmaux.es\/parroquia\/2024\/03\/24\/semana-santa-2024\/#primaryimage","url":"https:\/\/salesianosmaux.es\/parroquia\/wp-content\/uploads\/sites\/8\/2024\/03\/Procesion1.jpeg","contentUrl":"https:\/\/salesianosmaux.es\/parroquia\/wp-content\/uploads\/sites\/8\/2024\/03\/Procesion1.jpeg","width":1150,"height":960},{"@type":"BreadcrumbList","@id":"https:\/\/salesianosmaux.es\/parroquia\/2024\/03\/24\/semana-santa-2024\/#breadcrumb","itemListElement":[{"@type":"ListItem","position":1,"name":"Portada","item":"https:\/\/salesianosmaux.es\/parroquia\/"},{"@type":"ListItem","position":2,"name":"Semana Santa 2024"}]},{"@type":"WebSite","@id":"https:\/\/salesianosmaux.es\/parroquia\/#website","url":"https:\/\/salesianosmaux.es\/parroquia\/","name":"Parroquia Mar\u00eda Auxiliadora","description":"","potentialAction":[{"@type":"SearchAction","target":{"@type":"EntryPoint","urlTemplate":"https:\/\/salesianosmaux.es\/parroquia\/?s={search_term_string}"},"query-input":{"@type":"PropertyValueSpecification","valueRequired":true,"valueName":"search_term_string"}}],"inLanguage":"es"},{"@type":"Person","@id":"https:\/\/salesianosmaux.es\/parroquia\/#\/schema\/person\/9bd111fcfb5210d0fa466bfc8154b2f8","name":"admin","image":{"@type":"ImageObject","inLanguage":"es","@id":"https:\/\/secure.gravatar.com\/avatar\/09550e5c75cc821753a661f1c7f497ea1bbe9e394289f33e436a29a7df762242?s=96&d=mm&r=g","url":"https:\/\/secure.gravatar.com\/avatar\/09550e5c75cc821753a661f1c7f497ea1bbe9e394289f33e436a29a7df762242?s=96&d=mm&r=g","contentUrl":"https:\/\/secure.gravatar.com\/avatar\/09550e5c75cc821753a661f1c7f497ea1bbe9e394289f33e436a29a7df762242?s=96&d=mm&r=g","caption":"admin"},"sameAs":["https:\/\/salesianosmaux.es"],"url":"https:\/\/salesianosmaux.es\/parroquia\/author\/salamanca_95jmwv72\/"}]}},"_links":{"self":[{"href":"https:\/\/salesianosmaux.es\/parroquia\/wp-json\/wp\/v2\/posts\/603","targetHints":{"allow":["GET"]}}],"collection":[{"href":"https:\/\/salesianosmaux.es\/parroquia\/wp-json\/wp\/v2\/posts"}],"about":[{"href":"https:\/\/salesianosmaux.es\/parroquia\/wp-json\/wp\/v2\/types\/post"}],"author":[{"embeddable":true,"href":"https:\/\/salesianosmaux.es\/parroquia\/wp-json\/wp\/v2\/users\/1"}],"replies":[{"embeddable":true,"href":"https:\/\/salesianosmaux.es\/parroquia\/wp-json\/wp\/v2\/comments?post=603"}],"version-history":[{"count":3,"href":"https:\/\/salesianosmaux.es\/parroquia\/wp-json\/wp\/v2\/posts\/603\/revisions"}],"predecessor-version":[{"id":609,"href":"https:\/\/salesianosmaux.es\/parroquia\/wp-json\/wp\/v2\/posts\/603\/revisions\/609"}],"wp:featuredmedia":[{"embeddable":true,"href":"https:\/\/salesianosmaux.es\/parroquia\/wp-json\/wp\/v2\/media\/605"}],"wp:attachment":[{"href":"https:\/\/salesianosmaux.es\/parroquia\/wp-json\/wp\/v2\/media?parent=603"}],"wp:term":[{"taxonomy":"category","embeddable":true,"href":"https:\/\/salesianosmaux.es\/parroquia\/wp-json\/wp\/v2\/categories?post=603"},{"taxonomy":"post_tag","embeddable":true,"href":"https:\/\/salesianosmaux.es\/parroquia\/wp-json\/wp\/v2\/tags?post=603"}],"curies":[{"name":"wp","href":"https:\/\/api.w.org\/{rel}","templated":true}]}}